{"id":6609,"date":"2025-10-29T10:33:00","date_gmt":"2025-10-29T10:33:00","guid":{"rendered":"https:\/\/www.coraltravel.pl\/blog\/?p=6609"},"modified":"2025-10-29T14:39:14","modified_gmt":"2025-10-29T14:39:14","slug":"top-7-kierunkow-na-wakacje-z-malymi-dziecmi-na-lato-2026","status":"publish","type":"post","link":"https:\/\/www.coraltravel.pl\/blog\/top-7-kierunkow-na-wakacje-z-malymi-dziecmi-na-lato-2026\/","title":{"rendered":"TOP 7 kierunk\u00f3w na wakacje z ma\u0142ymi dzie\u0107mi na LATO 2026"},"content":{"rendered":"\n<p><strong>Planujesz wakacje z ma\u0142ym dzieckiem i chcesz wybra\u0107 miejsce bezpieczne, wygodne i pe\u0142ne atrakcji? Sprawd\u017a TOP 7 kierunk\u00f3w na <a href=\"https:\/\/www.coraltravel.pl\/coralove_lato_2026_oferta_ogolna\">wakacje 2026<\/a>, kt\u00f3re \u015bwietnie sprawdz\u0105 si\u0119 dla rodzin z maluchami. Znajdziesz tu sprawdzone kurorty, pla\u017ce z \u0142agodnym zej\u015bciem i hotele All Inclusive przyjazne w\u00f3zkom. Przeczytaj poradnik i \u0142atwo zdecyduj gdzie sp\u0119dzisz rodzinne wakacje w sezonie <a href=\"https:\/\/www.coraltravel.pl\/coralove_lato_2026_oferta_ogolna\">LATO 2026<\/a>.<\/strong><\/p>\n\n\n\n<figure class=\"wp-block-image size-large is-resized\"><img loading=\"lazy\" decoding=\"async\" width=\"1024\" height=\"682\" src=\"https:\/\/www.coraltravel.pl\/blog\/wp-content\/uploads\/2025\/10\/1-7-scaled-1024x682.jpg\" alt=\"U\u015bmiechni\u0119ty ch\u0142opiec w kapeluszu i okularach przeciws\u0142onecznych le\u017cy na r\u0119czniku w pasy podczas wakacji z dzieckiem\" class=\"wp-image-6614\" style=\"width:1068px;height:auto\" srcset=\"https:\/\/www.coraltravel.pl\/blog\/wp-content\/uploads\/2025\/10\/1-7-scaled-1024x682.jpg 1024w, https:\/\/www.coraltravel.pl\/blog\/wp-content\/uploads\/2025\/10\/1-7-scaled-300x200.jpg 300w, https:\/\/www.coraltravel.pl\/blog\/wp-content\/uploads\/2025\/10\/1-7-scaled-768x512.jpg 768w, https:\/\/www.coraltravel.pl\/blog\/wp-content\/uploads\/2025\/10\/1-7-scaled-630x420.jpg 630w, https:\/\/www.coraltravel.pl\/blog\/wp-content\/uploads\/2025\/10\/1-7-scaled-150x100.jpg 150w, https:\/\/www.coraltravel.pl\/blog\/wp-content\/uploads\/2025\/10\/1-7-scaled-696x464.jpg 696w, https:\/\/www.coraltravel.pl\/blog\/wp-content\/uploads\/2025\/10\/1-7-scaled-1068x712.jpg 1068w, https:\/\/www.coraltravel.pl\/blog\/wp-content\/uploads\/2025\/10\/1-7-scaled.jpg 1280w\" sizes=\"auto, (max-width: 1024px) 100vw, 1024px\" \/><\/figure>\n\n\n\n<div style=\"height:10px\" aria-hidden=\"true\" class=\"wp-block-spacer\"><\/div>\n\n\n\n<p>Wakacje z ma\u0142ym dzieckiem to wyj\u0105tkowe wyzwanie, ale tak\u017ce ogromna przygoda. Wymagaj\u0105 one jednak nieco innego planowania ni\u017c wyjazdy we dwoje. Przy wyborze miejsca warto wzi\u0105\u0107 pod uwag\u0119 d\u0142ugo\u015b\u0107 lotu, klimat panuj\u0105cy w miejscu docelowym oraz udogodnienia hotelu. Dobrze te\u017c, je\u015bli pla\u017ce w pobli\u017cu wybranego obiektu s\u0105 piaszczyste, zej\u015bcie do morza \u0142agodne, a w pobli\u017cu znajduj\u0105 si\u0119 sklepy i apteki. Na szcz\u0119\u015bcie w ofercie <a href=\"https:\/\/www.coraltravel.pl\/coralove_lato_2026_oferta_ogolna\">LATO 2026<\/a> dost\u0119pnych jest wiele kierunk\u00f3w, kt\u00f3re zapewniaj\u0105 rodzicom komfort, a dzieciom bezpieczn\u0105 zabaw\u0119. Sprawd\u017a, gdzie warto zaplanowa\u0107 <a href=\"https:\/\/www.coraltravel.pl\/coralove_lato_2026_oferta_ogolna\">rodzinne wakacje 2026 all inclusive<\/a> i jak uczyni\u0107 pierwszy urlop z maluchem naprawd\u0119 bezstresowym.<\/p>\n\n\n\n<figure class=\"wp-block-image size-large is-resized\"><img loading=\"lazy\" decoding=\"async\" width=\"1024\" height=\"682\" src=\"https:\/\/www.coraltravel.pl\/blog\/wp-content\/uploads\/2025\/10\/2-7-scaled-1024x682.jpg\" alt=\"Dziewczynka w kolorowym stroju k\u0105pielowym bawi si\u0119 w basenie, trzymaj\u0105c po\u0142\u00f3wki pomara\u0144czy\" class=\"wp-image-6615\" style=\"width:1068px;height:auto\" srcset=\"https:\/\/www.coraltravel.pl\/blog\/wp-content\/uploads\/2025\/10\/2-7-scaled-1024x682.jpg 1024w, https:\/\/www.coraltravel.pl\/blog\/wp-content\/uploads\/2025\/10\/2-7-scaled-300x200.jpg 300w, https:\/\/www.coraltravel.pl\/blog\/wp-content\/uploads\/2025\/10\/2-7-scaled-768x512.jpg 768w, https:\/\/www.coraltravel.pl\/blog\/wp-content\/uploads\/2025\/10\/2-7-scaled-1536x1024.jpg 1536w, https:\/\/www.coraltravel.pl\/blog\/wp-content\/uploads\/2025\/10\/2-7-scaled-630x420.jpg 630w, https:\/\/www.coraltravel.pl\/blog\/wp-content\/uploads\/2025\/10\/2-7-scaled-150x100.jpg 150w, https:\/\/www.coraltravel.pl\/blog\/wp-content\/uploads\/2025\/10\/2-7-scaled-696x464.jpg 696w, https:\/\/www.coraltravel.pl\/blog\/wp-content\/uploads\/2025\/10\/2-7-scaled-1068x712.jpg 1068w, https:\/\/www.coraltravel.pl\/blog\/wp-content\/uploads\/2025\/10\/2-7-scaled.jpg 1880w\" sizes=\"auto, (max-width: 1024px) 100vw, 1024px\" \/><\/figure>\n\n\n\n<div style=\"height:10px\" aria-hidden=\"true\" class=\"wp-block-spacer\"><\/div>\n\n\n\n<h2 class=\"wp-block-heading\" id=\"h-top-7-kierunkow-na-wakacje-z-malymi-dziecmi-na-lato-2026\">TOP 7 kierunk\u00f3w na wakacje z ma\u0142ymi dzie\u0107mi na LATO 2026:<\/h2>\n\n\n\n<h3 class=\"wp-block-heading\" id=\"h-1-turcja\">1. Turcja<\/h3>\n\n\n\n<p><a href=\"https:\/\/www.coraltravel.pl\/lato2026_turcja_oferta_ogolna\">Turcja<\/a> od lat jest jednym z ulubionych kierunk\u00f3w rodzin z dzie\u0107mi. Hotele w Alanyi, Side czy Belek s\u0142yn\u0105 z rozbudowanej infrastruktury i licznych atrakcji dla najm\u0142odszych. Na terenie wielu obiekt\u00f3w znajduj\u0105 si\u0119 zje\u017cd\u017calnie, aquaparki, minikluby i animacje w j\u0119zyku polskim, dzi\u0119ki czemu rodzice mog\u0105 naprawd\u0119 odpocz\u0105\u0107. Co wa\u017cne, pla\u017ce s\u0105 szerokie i piaszczyste, a woda w morzu ciep\u0142a i spokojna, dlatego k\u0105piele stanowi\u0105 przyjemn\u0105 i bezpieczn\u0105 aktywno\u015b\u0107. Dodatkowym atutem jest kr\u00f3tki lot oraz bogata oferta wycieczek fakultatywnych, kt\u00f3re pozwalaj\u0105 po\u0142\u0105czy\u0107 relaks z poznawaniem kraju. Je\u015bli szukasz sprawdzonego kierunku na wakacje z ma\u0142ym dzieckiem \u2013 Turcja to zawsze dobry wyb\u00f3r.<\/p>\n\n\n\n<figure class=\"wp-block-image size-large is-resized\"><img loading=\"lazy\" decoding=\"async\" width=\"1024\" height=\"683\" src=\"https:\/\/www.coraltravel.pl\/blog\/wp-content\/uploads\/2025\/10\/3-7-scaled-1024x683.jpg\" alt=\"Szcz\u0119\u015bliwa rodzina z ma\u0142ymi dzie\u0107mi k\u0105pie si\u0119 i \u015bmieje w morzu podczas wakacji All Inclusive\" class=\"wp-image-6616\" style=\"width:1068px;height:auto\" srcset=\"https:\/\/www.coraltravel.pl\/blog\/wp-content\/uploads\/2025\/10\/3-7-scaled-1024x683.jpg 1024w, https:\/\/www.coraltravel.pl\/blog\/wp-content\/uploads\/2025\/10\/3-7-scaled-300x200.jpg 300w, https:\/\/www.coraltravel.pl\/blog\/wp-content\/uploads\/2025\/10\/3-7-scaled-768x512.jpg 768w, https:\/\/www.coraltravel.pl\/blog\/wp-content\/uploads\/2025\/10\/3-7-scaled-630x420.jpg 630w, https:\/\/www.coraltravel.pl\/blog\/wp-content\/uploads\/2025\/10\/3-7-scaled-150x100.jpg 150w, https:\/\/www.coraltravel.pl\/blog\/wp-content\/uploads\/2025\/10\/3-7-scaled-696x464.jpg 696w, https:\/\/www.coraltravel.pl\/blog\/wp-content\/uploads\/2025\/10\/3-7-scaled-1068x712.jpg 1068w, https:\/\/www.coraltravel.pl\/blog\/wp-content\/uploads\/2025\/10\/3-7-scaled.jpg 1080w\" sizes=\"auto, (max-width: 1024px) 100vw, 1024px\" \/><\/figure>\n\n\n\n<div style=\"height:10px\" aria-hidden=\"true\" class=\"wp-block-spacer\"><\/div>\n\n\n\n<h3 class=\"wp-block-heading\" id=\"h-2-grecja\">2. Grecja<\/h3>\n\n\n\n<p><a href=\"https:\/\/www.coraltravel.pl\/lato2026_grecja_oferta_ogolna\">Grecja<\/a> zachwyca nie tylko pi\u0119knymi krajobrazami, lecz tak\u017ce spokojnym rytmem \u017cycia, idealnym dla rodzin. Na Krecie, Rodos czy Kos znajdziesz wiele hoteli przygotowanych z my\u015bl\u0105 o najm\u0142odszych go\u015bciach. Co wi\u0119cej, Grecy s\u0142yn\u0105 z go\u015bcinno\u015bci i sympatii do dzieci, wi\u0119c rodziny czuj\u0105 si\u0119 tu wyj\u0105tkowo mile widziane. Ciep\u0142e morze, \u015br\u00f3dziemnomorska kuchnia oraz kr\u00f3tki transfer z lotniska to kolejne argumenty przemawiaj\u0105ce za tym kierunkiem. Na dodatek na wyspach nie brakuje kameralnych miejscowo\u015bci, gdzie mo\u017cna odpocz\u0105\u0107 od zgie\u0142ku. Dlatego je\u015bli zastanawiasz si\u0119, gdzie wybra\u0107 si\u0119 na wakacje z niemowlakiem za granic\u0119, Grecja sprawdzi si\u0119 doskonale.<\/p>\n\n\n\n<figure class=\"wp-block-image size-large is-resized\"><img loading=\"lazy\" decoding=\"async\" width=\"1024\" height=\"682\" src=\"https:\/\/www.coraltravel.pl\/blog\/wp-content\/uploads\/2025\/10\/4-7-scaled-1024x682.jpg\" alt=\"Ma\u0142e dziecko w r\u00f3\u017cowym dmuchanym kole w kszta\u0142cie kraba p\u0142ywa w basenie\" class=\"wp-image-6617\" style=\"width:1068px;height:auto\" srcset=\"https:\/\/www.coraltravel.pl\/blog\/wp-content\/uploads\/2025\/10\/4-7-scaled-1024x682.jpg 1024w, https:\/\/www.coraltravel.pl\/blog\/wp-content\/uploads\/2025\/10\/4-7-scaled-300x200.jpg 300w, https:\/\/www.coraltravel.pl\/blog\/wp-content\/uploads\/2025\/10\/4-7-scaled-768x512.jpg 768w, https:\/\/www.coraltravel.pl\/blog\/wp-content\/uploads\/2025\/10\/4-7-scaled-630x420.jpg 630w, https:\/\/www.coraltravel.pl\/blog\/wp-content\/uploads\/2025\/10\/4-7-scaled-150x100.jpg 150w, https:\/\/www.coraltravel.pl\/blog\/wp-content\/uploads\/2025\/10\/4-7-scaled-696x464.jpg 696w, https:\/\/www.coraltravel.pl\/blog\/wp-content\/uploads\/2025\/10\/4-7-scaled-1068x712.jpg 1068w, https:\/\/www.coraltravel.pl\/blog\/wp-content\/uploads\/2025\/10\/4-7-scaled.jpg 1280w\" sizes=\"auto, (max-width: 1024px) 100vw, 1024px\" \/><\/figure>\n\n\n\n<div style=\"height:10px\" aria-hidden=\"true\" class=\"wp-block-spacer\"><\/div>\n\n\n\n<h3 class=\"wp-block-heading\" id=\"h-3-hiszpania\">3. Hiszpania<\/h3>\n\n\n\n<p><a href=\"https:\/\/www.coraltravel.pl\/lato2026_hiszpania_oferta_ogolna\">Hiszpania<\/a> od lat jest symbolem wakacyjnego komfortu. W regionach takich jak Costa del Sol, Majorka czy Teneryfa infrastruktura turystyczna zosta\u0142a zaplanowana tak, by odpowiada\u0107 na potrzeby ca\u0142ych rodzin. Pla\u017ce s\u0105 tu czyste, a morze spokojne, dzi\u0119ki czemu dzieci mog\u0105 bezpiecznie si\u0119 bawi\u0107. Wiele hoteli oferuje rodzinne pokoje, specjalne menu i strefy zabaw, co znacznie u\u0142atwia organizacj\u0119 dnia. Ponadto klimat tam jest \u0142agodny, a lot z Polski niezbyt d\u0142ugi, co ogranicza zm\u0119czenie najm\u0142odszych. Hiszpania to kierunek, kt\u00f3ry \u0142\u0105czy komfort, atrakcje i bezpiecze\u0144stwo \u2013 trzy najwa\u017cniejsze elementy udanego urlopu z dzieckiem.<\/p>\n\n\n\n<figure class=\"wp-block-image size-large is-resized\"><img loading=\"lazy\" decoding=\"async\" width=\"1024\" height=\"682\" src=\"https:\/\/www.coraltravel.pl\/blog\/wp-content\/uploads\/2025\/10\/5-5-scaled-1024x682.jpg\" alt=\"Beztroskie wakacje z dzieckiem \u2013 zabawa przy hotelowym basenie\" class=\"wp-image-6618\" style=\"width:1068px;height:auto\" srcset=\"https:\/\/www.coraltravel.pl\/blog\/wp-content\/uploads\/2025\/10\/5-5-scaled-1024x682.jpg 1024w, https:\/\/www.coraltravel.pl\/blog\/wp-content\/uploads\/2025\/10\/5-5-scaled-300x200.jpg 300w, https:\/\/www.coraltravel.pl\/blog\/wp-content\/uploads\/2025\/10\/5-5-scaled-768x512.jpg 768w, https:\/\/www.coraltravel.pl\/blog\/wp-content\/uploads\/2025\/10\/5-5-scaled-1536x1024.jpg 1536w, https:\/\/www.coraltravel.pl\/blog\/wp-content\/uploads\/2025\/10\/5-5-scaled-630x420.jpg 630w, https:\/\/www.coraltravel.pl\/blog\/wp-content\/uploads\/2025\/10\/5-5-scaled-150x100.jpg 150w, https:\/\/www.coraltravel.pl\/blog\/wp-content\/uploads\/2025\/10\/5-5-scaled-696x464.jpg 696w, https:\/\/www.coraltravel.pl\/blog\/wp-content\/uploads\/2025\/10\/5-5-scaled-1068x712.jpg 1068w, https:\/\/www.coraltravel.pl\/blog\/wp-content\/uploads\/2025\/10\/5-5-scaled.jpg 1880w\" sizes=\"auto, (max-width: 1024px) 100vw, 1024px\" \/><\/figure>\n\n\n\n<div style=\"height:10px\" aria-hidden=\"true\" class=\"wp-block-spacer\"><\/div>\n\n\n\n<h3 class=\"wp-block-heading\" id=\"h-4-bulgaria\">4. Bu\u0142garia<\/h3>\n\n\n\n<p><a href=\"https:\/\/www.coraltravel.pl\/lato2026_bulgaria_oferta_ogolna\">Bu\u0142garia<\/a> to idealne rozwi\u0105zanie dla rodzin, kt\u00f3re szukaj\u0105 udanych <a href=\"https:\/\/www.coraltravel.pl\/coralove_lato_2026_oferta_ogolna\">wakacji 2026<\/a> w przyst\u0119pnej cenie. Kurorty nad Morzem Czarnym, takie jak S\u0142oneczny Brzeg czy Z\u0142ote Piaski, oferuj\u0105 wszystko, czego potrzeba do relaksu z dzie\u0107mi. Szerokie pla\u017ce z drobnym piaskiem, p\u0142ytkie zej\u015bcia do morza oraz liczne place zabaw sprawiaj\u0105, \u017ce Bu\u0142garia zyskuje coraz wi\u0119ksz\u0105 popularno\u015b\u0107 w\u015br\u00f3d rodzin. Dodatkowym atutem s\u0105 kr\u00f3tkie loty, dobre hotele z formu\u0142\u0105 All Inclusive i niskie ceny, kt\u00f3re pozwalaj\u0105 zaplanowa\u0107 d\u0142u\u017cszy urlop bez obaw o bud\u017cet. Je\u015bli wi\u0119c zastanawiasz si\u0119, gdzie lecie\u0107 z ma\u0142ym dzieckiem na wakacje za granic\u0119, Bu\u0142garia to kierunek, kt\u00f3ry spe\u0142ni wszystkie oczekiwania.<\/p>\n\n\n\n<figure class=\"wp-block-image size-large is-resized\"><img loading=\"lazy\" decoding=\"async\" width=\"1024\" height=\"576\" src=\"https:\/\/www.coraltravel.pl\/blog\/wp-content\/uploads\/2025\/10\/6-7-scaled-1024x576.jpg\" alt=\"U\u015bmiechni\u0119ty ch\u0142opiec w okularach przeciws\u0142onecznych trzyma si\u0119 \u017c\u00f3\u0142tego materaca na tle b\u0142\u0119kitnego nieba\" class=\"wp-image-6619\" style=\"width:1068px;height:auto\" srcset=\"https:\/\/www.coraltravel.pl\/blog\/wp-content\/uploads\/2025\/10\/6-7-scaled-1024x576.jpg 1024w, https:\/\/www.coraltravel.pl\/blog\/wp-content\/uploads\/2025\/10\/6-7-scaled-300x169.jpg 300w, https:\/\/www.coraltravel.pl\/blog\/wp-content\/uploads\/2025\/10\/6-7-scaled-768x432.jpg 768w, https:\/\/www.coraltravel.pl\/blog\/wp-content\/uploads\/2025\/10\/6-7-scaled-746x420.jpg 746w, https:\/\/www.coraltravel.pl\/blog\/wp-content\/uploads\/2025\/10\/6-7-scaled-150x84.jpg 150w, https:\/\/www.coraltravel.pl\/blog\/wp-content\/uploads\/2025\/10\/6-7-scaled-696x392.jpg 696w, https:\/\/www.coraltravel.pl\/blog\/wp-content\/uploads\/2025\/10\/6-7-scaled-1068x601.jpg 1068w, https:\/\/www.coraltravel.pl\/blog\/wp-content\/uploads\/2025\/10\/6-7-scaled.jpg 1080w\" sizes=\"auto, (max-width: 1024px) 100vw, 1024px\" \/><\/figure>\n\n\n\n<div style=\"height:10px\" aria-hidden=\"true\" class=\"wp-block-spacer\"><\/div>\n\n\n\n<h3 class=\"wp-block-heading\" id=\"h-5-cypr\">5. Cypr<\/h3>\n\n\n\n<p><a href=\"https:\/\/www.coraltravel.pl\/lato2026_cypr_oferta_ogolna\">Cypr<\/a> to wyspa, kt\u00f3ra \u0142\u0105czy w sobie grecki klimat i wyj\u0105tkowo przyjazn\u0105 atmosfer\u0119. Larnaka i okolice oferuj\u0105 piaszczyste pla\u017ce po\u0142o\u017cone w spokojnych zatokach, z \u0142agodnym zej\u015bciem do morza, co czyni je idealnymi dla najm\u0142odszych. Rodzice doceni\u0105 tak\u017ce doskona\u0142\u0105 kuchni\u0119, \u0142agodny klimat i dobrze rozwini\u0119t\u0105 infrastruktur\u0119. Na Cyprze panuje atmosfera go\u015bcinno\u015bci i spokoju, kt\u00f3ra sprzyja rodzinnemu wypoczynkowi. To miejsce, gdzie s\u0142o\u0144ce \u015bwieci niemal przez ca\u0142y rok, a u\u015bmiech jest cz\u0119\u015bci\u0105 codzienno\u015bci. Je\u015bli marzysz o bezpiecznych wakacjach z ma\u0142ym dzieckiem, Cypr b\u0119dzie strza\u0142em w dziesi\u0105tk\u0119.<\/p>\n\n\n\n<figure class=\"wp-block-image size-large is-resized\"><img loading=\"lazy\" decoding=\"async\" width=\"1024\" height=\"682\" src=\"https:\/\/www.coraltravel.pl\/blog\/wp-content\/uploads\/2025\/10\/7-7-scaled-1024x682.jpg\" alt=\"Ma\u0142e dziecko w kolorowym r\u0119kawku p\u0142ywa w basenie i u\u015bmiecha si\u0119 do kamery\" class=\"wp-image-6620\" style=\"width:1068px;height:auto\" srcset=\"https:\/\/www.coraltravel.pl\/blog\/wp-content\/uploads\/2025\/10\/7-7-scaled-1024x682.jpg 1024w, https:\/\/www.coraltravel.pl\/blog\/wp-content\/uploads\/2025\/10\/7-7-scaled-300x200.jpg 300w, https:\/\/www.coraltravel.pl\/blog\/wp-content\/uploads\/2025\/10\/7-7-scaled-768x512.jpg 768w, https:\/\/www.coraltravel.pl\/blog\/wp-content\/uploads\/2025\/10\/7-7-scaled-630x420.jpg 630w, https:\/\/www.coraltravel.pl\/blog\/wp-content\/uploads\/2025\/10\/7-7-scaled-150x100.jpg 150w, https:\/\/www.coraltravel.pl\/blog\/wp-content\/uploads\/2025\/10\/7-7-scaled-696x464.jpg 696w, https:\/\/www.coraltravel.pl\/blog\/wp-content\/uploads\/2025\/10\/7-7-scaled-1068x712.jpg 1068w, https:\/\/www.coraltravel.pl\/blog\/wp-content\/uploads\/2025\/10\/7-7-scaled.jpg 1280w\" sizes=\"auto, (max-width: 1024px) 100vw, 1024px\" \/><\/figure>\n\n\n\n<div style=\"height:10px\" aria-hidden=\"true\" class=\"wp-block-spacer\"><\/div>\n\n\n\n<h3 class=\"wp-block-heading\" id=\"h-6-tunezja\">6. Tunezja<\/h3>\n\n\n\n<p><a href=\"https:\/\/www.coraltravel.pl\/lato2026_tunezja_oferta_ogolna\">Tunezja<\/a> to kierunek, kt\u00f3ry \u0142\u0105czy orientalny klimat z komfortowym wypoczynkiem, dlatego coraz cz\u0119\u015bciej wybieraj\u0105 go rodziny z ma\u0142ymi dzie\u0107mi. Tunezyjskie kurorty zachwycaj\u0105 szerokimi, piaszczystymi pla\u017cami oraz spokojn\u0105, p\u0142ytk\u0105 wod\u0105, dzi\u0119ki czemu k\u0105piele s\u0105 bezpieczne nawet dla najm\u0142odszych. Wiele hoteli oferuje minikluby, animacje i udogodnienia dla rodzic\u00f3w, co sprawia, \u017ce wypoczynek staje si\u0119 naprawd\u0119 komfortowy. Decyduj\u0105c si\u0119 na urlop na wyspie Djerba, mo\u017cna liczy\u0107 na kr\u00f3tki transfer z lotniska, a tak\u017ce liczne hotele z formu\u0142\u0105 All Inclusive w atrakcyjnych cenach. Warto rozwa\u017cy\u0107 wyjazd poza szczytem sezonu, poniewa\u017c wtedy temperatury s\u0105 przyjemniejsze, a pla\u017ce mniej zat\u0142oczone. Tunezja to idealna propozycja dla tych, kt\u00f3rzy marz\u0105 o wakacjach z niemowlakiem za granic\u0105 w dobrej cenie i w spokojnej atmosferze.<\/p>\n\n\n\n<figure class=\"wp-block-image size-large is-resized\"><img loading=\"lazy\" decoding=\"async\" width=\"1024\" height=\"768\" src=\"https:\/\/www.coraltravel.pl\/blog\/wp-content\/uploads\/2025\/10\/8-3-scaled-1024x768.jpg\" alt=\"Dziewczynka siedzi na pla\u017cy z kawa\u0142kiem arbuza w kszta\u0142cie serca i patrzy w stron\u0119 morza\" class=\"wp-image-6621\" style=\"width:1068px;height:auto\" srcset=\"https:\/\/www.coraltravel.pl\/blog\/wp-content\/uploads\/2025\/10\/8-3-scaled-1024x768.jpg 1024w, https:\/\/www.coraltravel.pl\/blog\/wp-content\/uploads\/2025\/10\/8-3-scaled-300x225.jpg 300w, https:\/\/www.coraltravel.pl\/blog\/wp-content\/uploads\/2025\/10\/8-3-scaled-768x576.jpg 768w, https:\/\/www.coraltravel.pl\/blog\/wp-content\/uploads\/2025\/10\/8-3-scaled-1536x1152.jpg 1536w, https:\/\/www.coraltravel.pl\/blog\/wp-content\/uploads\/2025\/10\/8-3-scaled-560x420.jpg 560w, https:\/\/www.coraltravel.pl\/blog\/wp-content\/uploads\/2025\/10\/8-3-scaled-80x60.jpg 80w, https:\/\/www.coraltravel.pl\/blog\/wp-content\/uploads\/2025\/10\/8-3-scaled-150x113.jpg 150w, https:\/\/www.coraltravel.pl\/blog\/wp-content\/uploads\/2025\/10\/8-3-scaled-696x522.jpg 696w, https:\/\/www.coraltravel.pl\/blog\/wp-content\/uploads\/2025\/10\/8-3-scaled-1068x801.jpg 1068w, https:\/\/www.coraltravel.pl\/blog\/wp-content\/uploads\/2025\/10\/8-3-scaled-265x198.jpg 265w, https:\/\/www.coraltravel.pl\/blog\/wp-content\/uploads\/2025\/10\/8-3-scaled.jpg 1733w\" sizes=\"auto, (max-width: 1024px) 100vw, 1024px\" \/><\/figure>\n\n\n\n<div style=\"height:10px\" aria-hidden=\"true\" class=\"wp-block-spacer\"><\/div>\n\n\n\n<h3 class=\"wp-block-heading\" id=\"h-7-czarnogora\">7. Czarnog\u00f3ra<\/h3>\n\n\n\n<p><a href=\"https:\/\/www.coraltravel.pl\/lato2026_czarnogora_oferta_ogolna\">Czarnog\u00f3ra<\/a> to kierunek, kt\u00f3ry coraz cz\u0119\u015bciej pojawia si\u0119 w\u015br\u00f3d propozycji na <a href=\"https:\/\/www.coraltravel.pl\/coralove_lato_2026_oferta_ogolna\">rodzinne wakacje 2026<\/a>. Adriatyk w tej cz\u0119\u015bci Ba\u0142kan\u00f3w zachwyca urokliwymi zatokami i g\u00f3rami schodz\u0105cymi niemal prosto do morza, tworz\u0105c wyj\u0105tkowe krajobrazy. Kurorty w Budvie i Be\u010di\u0107i oferuj\u0105 wszystko, czego potrzebuj\u0105 rodziny z dzie\u0107mi \u2013 d\u0142ugie promenady, place zabaw oraz pla\u017ce z \u0142agodnym zej\u015bciem do wody. Dodatkowym atutem jest kr\u00f3tki lot oraz kameralne hotele, kt\u00f3re zapewniaj\u0105 spok\u00f3j i wygod\u0119. To propozycja dla rodzin, kt\u00f3re szukaj\u0105 ciszy, natury i autentycznej atmosfery, a jednocze\u015bnie chc\u0105 pozna\u0107 nowy kierunek w ofercie <a href=\"https:\/\/www.coraltravel.pl\/coralove_lato_2026_oferta_ogolna\">LATO 2026<\/a>.<\/p>\n\n\n\n<figure class=\"wp-block-image size-large is-resized\"><img loading=\"lazy\" decoding=\"async\" width=\"1024\" height=\"682\" src=\"https:\/\/www.coraltravel.pl\/blog\/wp-content\/uploads\/2025\/10\/9-2-scaled-1024x682.jpg\" alt=\"Sylwetka mamy trzymaj\u0105cej niemowl\u0119 na tle zachodu s\u0142o\u0144ca nad morzem\" class=\"wp-image-6622\" style=\"width:1068px;height:auto\" srcset=\"https:\/\/www.coraltravel.pl\/blog\/wp-content\/uploads\/2025\/10\/9-2-scaled-1024x682.jpg 1024w, https:\/\/www.coraltravel.pl\/blog\/wp-content\/uploads\/2025\/10\/9-2-scaled-300x200.jpg 300w, https:\/\/www.coraltravel.pl\/blog\/wp-content\/uploads\/2025\/10\/9-2-scaled-768x512.jpg 768w, https:\/\/www.coraltravel.pl\/blog\/wp-content\/uploads\/2025\/10\/9-2-scaled-630x420.jpg 630w, https:\/\/www.coraltravel.pl\/blog\/wp-content\/uploads\/2025\/10\/9-2-scaled-150x100.jpg 150w, https:\/\/www.coraltravel.pl\/blog\/wp-content\/uploads\/2025\/10\/9-2-scaled-696x464.jpg 696w, https:\/\/www.coraltravel.pl\/blog\/wp-content\/uploads\/2025\/10\/9-2-scaled-1068x712.jpg 1068w, https:\/\/www.coraltravel.pl\/blog\/wp-content\/uploads\/2025\/10\/9-2-scaled.jpg 1280w\" sizes=\"auto, (max-width: 1024px) 100vw, 1024px\" \/><\/figure>\n\n\n\n<div style=\"height:10px\" aria-hidden=\"true\" class=\"wp-block-spacer\"><\/div>\n\n\n\n<h2 class=\"wp-block-heading\" id=\"h-jak-wybrac-najlepszy-kierunek-na-wakacje-z-malymi-dziecmi\">Jak wybra\u0107 najlepszy kierunek na wakacje z ma\u0142ymi dzie\u0107mi?<\/h2>\n\n\n\n<p>Podczas planowania wakacji z ma\u0142ymi dzie\u0107mi warto wzi\u0105\u0107 pod uwag\u0119 kilka kluczowych czynnik\u00f3w \u2013 d\u0142ugo\u015b\u0107 lotu, klimat panuj\u0105cy w miejscu docelowym oraz udogodnienia oferowane przez hotel. Kraje takie jak Turcja i Grecja zachwycaj\u0105 rozbudowanymi aquaparkami i piaszczystymi pla\u017cami, kt\u00f3re idealnie sprawdzaj\u0105 si\u0119 podczas rodzinnych pobyt\u00f3w. Hiszpania wyr\u00f3\u017cnia si\u0119 \u015bwietnie przygotowan\u0105 infrastruktur\u0105 turystyczn\u0105, a Bu\u0142garia i Tunezja pozwalaj\u0105 zaplanowa\u0107 wakacje w rozs\u0105dnej cenie. Z kolei Cypr i Czarnog\u00f3ra to propozycje dla rodzin poszukuj\u0105cych ciszy, spokoju i blisko\u015bci natury. Warto pomy\u015ble\u0107 r\u00f3wnie\u017c o wcze\u015bniejszej rezerwacji wyjazdu i wyborze terminu poza szczytem sezonu, aby zapewni\u0107 sobie komfort i pe\u0142en relaks bez t\u0142um\u00f3w. Dzi\u0119ki ofercie <a href=\"https:\/\/www.coraltravel.pl\/coralove_lato_2026_oferta_ogolna\">LATO 2026<\/a> podr\u00f3\u017cowanie z dzie\u0107mi staje si\u0119 \u0142atwiejsze, spokojniejsze i naprawd\u0119 przyjemne.<\/p>\n\n\n\n<div style=\"height:10px\" aria-hidden=\"true\" class=\"wp-block-spacer\"><\/div>\n\n\n\n<p><strong>Polecane artyku\u0142y:<\/strong><\/p>\n\n\n\n<p><a href=\"https:\/\/www.coraltravel.pl\/blog\/dokad-na-wakacje-z-dziecmi-top-10-rodzinnych-kierunkow-all-inclusive\/\">Dok\u0105d na wakacje z dzie\u0107mi? TOP 10 rodzinnych kierunk\u00f3w All Inclusive<\/a><\/p>\n\n\n\n<p><a href=\"https:\/\/www.coraltravel.pl\/blog\/wakacje-last-minute-dokad-teraz-warto-poleciec-na-urlop-all-inclusive\/\">Wakacje last minute \u2013 dok\u0105d teraz warto polecie\u0107 na urlop All Inclusive?<\/a><\/p>\n\n\n\n<p><a href=\"https:\/\/www.coraltravel.pl\/blog\/wakacje-last-minute-czy-first-minute-co-bardziej-sie-oplaca\/\">Wakacje last minute czy first minute \u2013 co bardziej si\u0119 op\u0142aca?<\/a><\/p>\n\n\n\n<p><a href=\"https:\/\/www.coraltravel.pl\/blog\/ultra-all-inclusive-co-to-znaczy\/\">Ultra All Inclusive \u2013 co to znaczy? Czy warto wybra\u0107 je na wakacje?<\/a><\/p>\n\n\n\n<p><a href=\"https:\/\/www.coraltravel.pl\/blog\/pakowanie-na-wakacje-all-inclusive-niezbednik-bez-stresu\/\">Pakowanie bez stresu: niezb\u0119dnik na wakacje All Inclusive<\/a><\/p>\n\n\n\n<p><\/p>\n","protected":false},"excerpt":{"rendered":"<p>Planujesz wakacje z ma\u0142ym dzieckiem i chcesz wybra\u0107 miejsce bezpieczne, wygodne i pe\u0142ne atrakcji? Sprawd\u017a TOP 7 kierunk\u00f3w na wakacje 2026, kt\u00f3re \u015bwietnie sprawdz\u0105 si\u0119 dla rodzin z maluchami. Znajdziesz tu sprawdzone kurorty, pla\u017ce z \u0142agodnym zej\u015bciem i hotele All Inclusive przyjazne w\u00f3zkom. Przeczytaj poradnik i \u0142atwo zdecyduj gdzie sp\u0119dzisz rodzinne wakacje w sezonie LATO 2026.<\/p>\n","protected":false},"author":3,"featured_media":6614,"comment_status":"closed","ping_status":"closed","sticky":false,"template":"","format":"standard","meta":{"footnotes":"","_wpscppro_dont_share_socialmedia":false,"_wpscppro_custom_social_share_image":0,"_facebook_share_type":"default","_twitter_share_type":"default","_linkedin_share_type":"default","_pinterest_share_type":"default","_linkedin_share_type_page":"","_instagram_share_type":"default","_medium_share_type":"default","_threads_share_type":"default","_google_business_share_type":"default","_selected_social_profile":[],"_wpsp_enable_custom_social_template":false,"_wpsp_social_scheduling":{"enabled":false,"datetime":null,"platforms":[],"status":"template_only","dateOption":"today","timeOption":"now","customDays":"","customHours":"","customDate":"","customTime":"","schedulingType":"absolute"},"_wpsp_active_default_template":true},"categories":[42,30],"tags":[396,340,121,64,120,579],"class_list":{"0":"post-6609","1":"post","2":"type-post","3":"status-publish","4":"format-standard","5":"has-post-thumbnail","7":"category-rodzinne-wakacje","8":"category-wakacyjne-inspiracje","9":"tag-ctp","10":"tag-lato","11":"tag-rodzinne-wakacje","12":"tag-wakacje","13":"tag-wakacje-z-dziecmi","14":"tag-wakacje-z-malymi-dziecmi"},"yoast_head":"<!-- This site is optimized with the Yoast SEO Premium plugin v27.1 (Yoast SEO v27.1.1) - https:\/\/yoast.com\/product\/yoast-seo-premium-wordpress\/ -->\n<title>TOP 7 kierunk\u00f3w na wakacje z ma\u0142ymi dzie\u0107mi na LATO 2026 - Coral Travel<\/title>\n<meta name=\"description\" content=\"Szukasz pomys\u0142u, gdzie pojecha\u0107 na wakacje z ma\u0142ym dzieckiem w sezonie Lato 2026? Sprawd\u017a TOP 7 kierunk\u00f3w na rodzinne wakacje All Inclusive!\" \/>\n<meta name=\"robots\" content=\"index, follow, max-snippet:-1, max-image-preview:large, max-video-preview:-1\" \/>\n<link rel=\"canonical\" href=\"https:\/\/www.coraltravel.pl\/blog\/top-7-kierunkow-na-wakacje-z-malymi-dziecmi-na-lato-2026\/\" \/>\n<meta property=\"og:locale\" content=\"pl_PL\" \/>\n<meta property=\"og:type\" content=\"article\" \/>\n<meta property=\"og:title\" content=\"TOP 7 kierunk\u00f3w na wakacje z ma\u0142ymi dzie\u0107mi na LATO 2026 TOP 7 kierunk\u00f3w na wakacje z ma\u0142ymi dzie\u0107mi na LATO 2026\" \/>\n<meta property=\"og:description\" content=\"Planujesz wakacje z ma\u0142ym dzieckiem i chcesz wybra\u0107 miejsce bezpieczne, wygodne i pe\u0142ne atrakcji? Sprawd\u017a TOP 7 kierunk\u00f3w na wakacje 2026, kt\u00f3re \u015bwietnie sprawdz\u0105 si\u0119 dla rodzin z maluchami. Znajdziesz tu sprawdzone kurorty, pla\u017ce z \u0142agodnym zej\u015bciem i hotele All Inclusive przyjazne w\u00f3zkom. Przeczytaj poradnik i \u0142atwo zdecyduj gdzie sp\u0119dzisz rodzinne wakacje w sezonie LATO 2026.\" \/>\n<meta property=\"og:url\" content=\"https:\/\/www.coraltravel.pl\/blog\/top-7-kierunkow-na-wakacje-z-malymi-dziecmi-na-lato-2026\/\" \/>\n<meta property=\"og:site_name\" content=\"Coral Travel\" \/>\n<meta property=\"article:published_time\" content=\"2025-10-29T10:33:00+00:00\" \/>\n<meta property=\"article:modified_time\" content=\"2025-10-29T14:39:14+00:00\" \/>\n<meta property=\"og:image\" content=\"https:\/\/www.coraltravel.pl\/blog\/wp-content\/uploads\/2025\/10\/1-7-scaled.jpg\" \/>\n\t<meta property=\"og:image:width\" content=\"2560\" \/>\n\t<meta property=\"og:image:height\" content=\"1816\" \/>\n\t<meta property=\"og:image:type\" content=\"image\/jpeg\" \/>\n<meta name=\"author\" content=\"Emilia\" \/>\n<script type=\"application\/ld+json\" class=\"yoast-schema-graph\">{\"@context\":\"https:\/\/schema.org\",\"@graph\":[{\"@type\":\"Article\",\"@id\":\"https:\/\/www.coraltravel.pl\/blog\/top-7-kierunkow-na-wakacje-z-malymi-dziecmi-na-lato-2026\/#article\",\"isPartOf\":{\"@id\":\"https:\/\/www.coraltravel.pl\/blog\/top-7-kierunkow-na-wakacje-z-malymi-dziecmi-na-lato-2026\/\"},\"author\":{\"name\":\"Emilia\",\"@id\":\"https:\/\/www.coraltravel.pl\/blog\/#\/schema\/person\/67c6ec2ebe7ecc253f390c48579703a2\"},\"headline\":\"TOP 7 kierunk\u00f3w na wakacje z ma\u0142ymi dzie\u0107mi na LATO 2026\",\"datePublished\":\"2025-10-29T10:33:00+00:00\",\"dateModified\":\"2025-10-29T14:39:14+00:00\",\"mainEntityOfPage\":{\"@id\":\"https:\/\/www.coraltravel.pl\/blog\/top-7-kierunkow-na-wakacje-z-malymi-dziecmi-na-lato-2026\/\"},\"wordCount\":1205,\"publisher\":{\"@id\":\"https:\/\/www.coraltravel.pl\/blog\/#organization\"},\"image\":{\"@id\":\"https:\/\/www.coraltravel.pl\/blog\/top-7-kierunkow-na-wakacje-z-malymi-dziecmi-na-lato-2026\/#primaryimage\"},\"thumbnailUrl\":\"https:\/\/www.coraltravel.pl\/blog\/wp-content\/uploads\/2025\/10\/1-7-scaled.jpg\",\"keywords\":[\"CTP\",\"lato\",\"rodzinne wakacje\",\"wakacje\",\"wakacje z dzie\u0107mi\",\"wakacje z ma\u0142ymi dzie\u0107mi\"],\"articleSection\":[\"Rodzinne wakacje\",\"Wakacyjne inspiracje\"],\"inLanguage\":\"pl-PL\"},{\"@type\":\"WebPage\",\"@id\":\"https:\/\/www.coraltravel.pl\/blog\/top-7-kierunkow-na-wakacje-z-malymi-dziecmi-na-lato-2026\/\",\"url\":\"https:\/\/www.coraltravel.pl\/blog\/top-7-kierunkow-na-wakacje-z-malymi-dziecmi-na-lato-2026\/\",\"name\":\"TOP 7 kierunk\u00f3w na wakacje z ma\u0142ymi dzie\u0107mi na LATO 2026 - Coral Travel\",\"isPartOf\":{\"@id\":\"https:\/\/www.coraltravel.pl\/blog\/#website\"},\"primaryImageOfPage\":{\"@id\":\"https:\/\/www.coraltravel.pl\/blog\/top-7-kierunkow-na-wakacje-z-malymi-dziecmi-na-lato-2026\/#primaryimage\"},\"image\":{\"@id\":\"https:\/\/www.coraltravel.pl\/blog\/top-7-kierunkow-na-wakacje-z-malymi-dziecmi-na-lato-2026\/#primaryimage\"},\"thumbnailUrl\":\"https:\/\/www.coraltravel.pl\/blog\/wp-content\/uploads\/2025\/10\/1-7-scaled.jpg\",\"datePublished\":\"2025-10-29T10:33:00+00:00\",\"dateModified\":\"2025-10-29T14:39:14+00:00\",\"description\":\"Szukasz pomys\u0142u, gdzie pojecha\u0107 na wakacje z ma\u0142ym dzieckiem w sezonie Lato 2026? Sprawd\u017a TOP 7 kierunk\u00f3w na rodzinne wakacje All Inclusive!\",\"breadcrumb\":{\"@id\":\"https:\/\/www.coraltravel.pl\/blog\/top-7-kierunkow-na-wakacje-z-malymi-dziecmi-na-lato-2026\/#breadcrumb\"},\"inLanguage\":\"pl-PL\",\"potentialAction\":[{\"@type\":\"ReadAction\",\"target\":[\"https:\/\/www.coraltravel.pl\/blog\/top-7-kierunkow-na-wakacje-z-malymi-dziecmi-na-lato-2026\/\"]}]},{\"@type\":\"ImageObject\",\"inLanguage\":\"pl-PL\",\"@id\":\"https:\/\/www.coraltravel.pl\/blog\/top-7-kierunkow-na-wakacje-z-malymi-dziecmi-na-lato-2026\/#primaryimage\",\"url\":\"https:\/\/www.coraltravel.pl\/blog\/wp-content\/uploads\/2025\/10\/1-7-scaled.jpg\",\"contentUrl\":\"https:\/\/www.coraltravel.pl\/blog\/wp-content\/uploads\/2025\/10\/1-7-scaled.jpg\",\"width\":1280,\"height\":853,\"caption\":\"U\u015bmiechni\u0119ty ch\u0142opiec w kapeluszu i okularach przeciws\u0142onecznych le\u017cy na r\u0119czniku w pasy podczas wakacji z dzieckiem\"},{\"@type\":\"BreadcrumbList\",\"@id\":\"https:\/\/www.coraltravel.pl\/blog\/top-7-kierunkow-na-wakacje-z-malymi-dziecmi-na-lato-2026\/#breadcrumb\",\"itemListElement\":[{\"@type\":\"ListItem\",\"position\":1,\"name\":\"Strona g\u0142\u00f3wna\",\"item\":\"https:\/\/www.coraltravel.pl\/blog\/\"},{\"@type\":\"ListItem\",\"position\":2,\"name\":\"TOP 7 kierunk\u00f3w na wakacje z ma\u0142ymi dzie\u0107mi na LATO 2026\"}]},{\"@type\":\"WebSite\",\"@id\":\"https:\/\/www.coraltravel.pl\/blog\/#website\",\"url\":\"https:\/\/www.coraltravel.pl\/blog\/\",\"name\":\"Blog turystyczny - Coral Travel\",\"description\":\"Blog turystyczny - Coral Travel\",\"publisher\":{\"@id\":\"https:\/\/www.coraltravel.pl\/blog\/#organization\"},\"potentialAction\":[{\"@type\":\"SearchAction\",\"target\":{\"@type\":\"EntryPoint\",\"urlTemplate\":\"https:\/\/www.coraltravel.pl\/blog\/?s={search_term_string}\"},\"query-input\":{\"@type\":\"PropertyValueSpecification\",\"valueRequired\":true,\"valueName\":\"search_term_string\"}}],\"inLanguage\":\"pl-PL\"},{\"@type\":\"Organization\",\"@id\":\"https:\/\/www.coraltravel.pl\/blog\/#organization\",\"name\":\"Coral Travel\",\"url\":\"https:\/\/www.coraltravel.pl\/blog\/\",\"logo\":{\"@type\":\"ImageObject\",\"inLanguage\":\"pl-PL\",\"@id\":\"https:\/\/www.coraltravel.pl\/blog\/#\/schema\/logo\/image\/\",\"url\":\"https:\/\/www.coraltravel.pl\/blog\/wp-content\/uploads\/2025\/04\/cropped-2-Coral-Travel.png\",\"contentUrl\":\"https:\/\/www.coraltravel.pl\/blog\/wp-content\/uploads\/2025\/04\/cropped-2-Coral-Travel.png\",\"width\":238,\"height\":239,\"caption\":\"Coral Travel\"},\"image\":{\"@id\":\"https:\/\/www.coraltravel.pl\/blog\/#\/schema\/logo\/image\/\"}},{\"@type\":\"Person\",\"@id\":\"https:\/\/www.coraltravel.pl\/blog\/#\/schema\/person\/67c6ec2ebe7ecc253f390c48579703a2\",\"name\":\"Emilia\",\"image\":{\"@type\":\"ImageObject\",\"inLanguage\":\"pl-PL\",\"@id\":\"https:\/\/www.coraltravel.pl\/blog\/#\/schema\/person\/image\/\",\"url\":\"https:\/\/secure.gravatar.com\/avatar\/87ae91292ee1a1c2f7f5835d7a2f80a3cf6ea68b5e5ebe13dedf46beab198fe0?s=96&d=mm&r=g\",\"contentUrl\":\"https:\/\/secure.gravatar.com\/avatar\/87ae91292ee1a1c2f7f5835d7a2f80a3cf6ea68b5e5ebe13dedf46beab198fe0?s=96&d=mm&r=g\",\"caption\":\"Emilia\"},\"description\":\"Podr\u00f3\u017ce to moja najwi\u0119ksza pasja \u2013 te ma\u0142e i te du\u017ce, spontaniczne oraz d\u0142ugo planowane. Nie trzeba mnie d\u0142ugo namawia\u0107, by ruszy\u0107 w drog\u0119, cho\u0107 najcz\u0119\u015bciej to ja jestem t\u0105, kt\u00f3ra nak\u0142ania do wypraw innych. Z przyjemno\u015bci\u0105 \u0142\u0105cz\u0119 podr\u00f3\u017cowanie z mi\u0142o\u015bci\u0105 do muzyki \u2013 koncert w innym kraju to dla mnie definicja idealnego wyjazdu! Marz\u0119 o eksplorowaniu Azji i Ameryki \u015arodkowej, a tak\u017ce Po\u0142udniowej. P\u00f3ki co z ciekawo\u015bci\u0105 smakuj\u0119 \u015bwiata poprzez kuchni\u0119 i nowe smaki. Gdy akurat nie jestem w trasie, relaksuj\u0119 si\u0119 ogl\u0105daj\u0105c seriale lub programy reality show. I cho\u0107 nie by\u0142am jeszcze wsz\u0119dzie \u2013 wszystko przede mn\u0105! \ud83d\ude0a\",\"url\":\"https:\/\/www.coraltravel.pl\/blog\/author\/emilia\/\"}]}<\/script>\n<!-- \/ Yoast SEO Premium plugin. -->","yoast_head_json":{"title":"TOP 7 kierunk\u00f3w na wakacje z ma\u0142ymi dzie\u0107mi na LATO 2026 - Coral Travel","description":"Szukasz pomys\u0142u, gdzie pojecha\u0107 na wakacje z ma\u0142ym dzieckiem w sezonie Lato 2026? Sprawd\u017a TOP 7 kierunk\u00f3w na rodzinne wakacje All Inclusive!","robots":{"index":"index","follow":"follow","max-snippet":"max-snippet:-1","max-image-preview":"max-image-preview:large","max-video-preview":"max-video-preview:-1"},"canonical":"https:\/\/www.coraltravel.pl\/blog\/top-7-kierunkow-na-wakacje-z-malymi-dziecmi-na-lato-2026\/","og_locale":"pl_PL","og_type":"article","og_title":"TOP 7 kierunk\u00f3w na wakacje z ma\u0142ymi dzie\u0107mi na LATO 2026 TOP 7 kierunk\u00f3w na wakacje z ma\u0142ymi dzie\u0107mi na LATO 2026","og_description":"Planujesz wakacje z ma\u0142ym dzieckiem i chcesz wybra\u0107 miejsce bezpieczne, wygodne i pe\u0142ne atrakcji? Sprawd\u017a TOP 7 kierunk\u00f3w na wakacje 2026, kt\u00f3re \u015bwietnie sprawdz\u0105 si\u0119 dla rodzin z maluchami. Znajdziesz tu sprawdzone kurorty, pla\u017ce z \u0142agodnym zej\u015bciem i hotele All Inclusive przyjazne w\u00f3zkom. Przeczytaj poradnik i \u0142atwo zdecyduj gdzie sp\u0119dzisz rodzinne wakacje w sezonie LATO 2026.","og_url":"https:\/\/www.coraltravel.pl\/blog\/top-7-kierunkow-na-wakacje-z-malymi-dziecmi-na-lato-2026\/","og_site_name":"Coral Travel","article_published_time":"2025-10-29T10:33:00+00:00","article_modified_time":"2025-10-29T14:39:14+00:00","og_image":[{"width":2560,"height":1816,"url":"https:\/\/www.coraltravel.pl\/blog\/wp-content\/uploads\/2025\/10\/1-7-scaled.jpg","type":"image\/jpeg"}],"author":"Emilia","schema":{"@context":"https:\/\/schema.org","@graph":[{"@type":"Article","@id":"https:\/\/www.coraltravel.pl\/blog\/top-7-kierunkow-na-wakacje-z-malymi-dziecmi-na-lato-2026\/#article","isPartOf":{"@id":"https:\/\/www.coraltravel.pl\/blog\/top-7-kierunkow-na-wakacje-z-malymi-dziecmi-na-lato-2026\/"},"author":{"name":"Emilia","@id":"https:\/\/www.coraltravel.pl\/blog\/#\/schema\/person\/67c6ec2ebe7ecc253f390c48579703a2"},"headline":"TOP 7 kierunk\u00f3w na wakacje z ma\u0142ymi dzie\u0107mi na LATO 2026","datePublished":"2025-10-29T10:33:00+00:00","dateModified":"2025-10-29T14:39:14+00:00","mainEntityOfPage":{"@id":"https:\/\/www.coraltravel.pl\/blog\/top-7-kierunkow-na-wakacje-z-malymi-dziecmi-na-lato-2026\/"},"wordCount":1205,"publisher":{"@id":"https:\/\/www.coraltravel.pl\/blog\/#organization"},"image":{"@id":"https:\/\/www.coraltravel.pl\/blog\/top-7-kierunkow-na-wakacje-z-malymi-dziecmi-na-lato-2026\/#primaryimage"},"thumbnailUrl":"https:\/\/www.coraltravel.pl\/blog\/wp-content\/uploads\/2025\/10\/1-7-scaled.jpg","keywords":["CTP","lato","rodzinne wakacje","wakacje","wakacje z dzie\u0107mi","wakacje z ma\u0142ymi dzie\u0107mi"],"articleSection":["Rodzinne wakacje","Wakacyjne inspiracje"],"inLanguage":"pl-PL"},{"@type":"WebPage","@id":"https:\/\/www.coraltravel.pl\/blog\/top-7-kierunkow-na-wakacje-z-malymi-dziecmi-na-lato-2026\/","url":"https:\/\/www.coraltravel.pl\/blog\/top-7-kierunkow-na-wakacje-z-malymi-dziecmi-na-lato-2026\/","name":"TOP 7 kierunk\u00f3w na wakacje z ma\u0142ymi dzie\u0107mi na LATO 2026 - Coral Travel","isPartOf":{"@id":"https:\/\/www.coraltravel.pl\/blog\/#website"},"primaryImageOfPage":{"@id":"https:\/\/www.coraltravel.pl\/blog\/top-7-kierunkow-na-wakacje-z-malymi-dziecmi-na-lato-2026\/#primaryimage"},"image":{"@id":"https:\/\/www.coraltravel.pl\/blog\/top-7-kierunkow-na-wakacje-z-malymi-dziecmi-na-lato-2026\/#primaryimage"},"thumbnailUrl":"https:\/\/www.coraltravel.pl\/blog\/wp-content\/uploads\/2025\/10\/1-7-scaled.jpg","datePublished":"2025-10-29T10:33:00+00:00","dateModified":"2025-10-29T14:39:14+00:00","description":"Szukasz pomys\u0142u, gdzie pojecha\u0107 na wakacje z ma\u0142ym dzieckiem w sezonie Lato 2026? Sprawd\u017a TOP 7 kierunk\u00f3w na rodzinne wakacje All Inclusive!","breadcrumb":{"@id":"https:\/\/www.coraltravel.pl\/blog\/top-7-kierunkow-na-wakacje-z-malymi-dziecmi-na-lato-2026\/#breadcrumb"},"inLanguage":"pl-PL","potentialAction":[{"@type":"ReadAction","target":["https:\/\/www.coraltravel.pl\/blog\/top-7-kierunkow-na-wakacje-z-malymi-dziecmi-na-lato-2026\/"]}]},{"@type":"ImageObject","inLanguage":"pl-PL","@id":"https:\/\/www.coraltravel.pl\/blog\/top-7-kierunkow-na-wakacje-z-malymi-dziecmi-na-lato-2026\/#primaryimage","url":"https:\/\/www.coraltravel.pl\/blog\/wp-content\/uploads\/2025\/10\/1-7-scaled.jpg","contentUrl":"https:\/\/www.coraltravel.pl\/blog\/wp-content\/uploads\/2025\/10\/1-7-scaled.jpg","width":1280,"height":853,"caption":"U\u015bmiechni\u0119ty ch\u0142opiec w kapeluszu i okularach przeciws\u0142onecznych le\u017cy na r\u0119czniku w pasy podczas wakacji z dzieckiem"},{"@type":"BreadcrumbList","@id":"https:\/\/www.coraltravel.pl\/blog\/top-7-kierunkow-na-wakacje-z-malymi-dziecmi-na-lato-2026\/#breadcrumb","itemListElement":[{"@type":"ListItem","position":1,"name":"Strona g\u0142\u00f3wna","item":"https:\/\/www.coraltravel.pl\/blog\/"},{"@type":"ListItem","position":2,"name":"TOP 7 kierunk\u00f3w na wakacje z ma\u0142ymi dzie\u0107mi na LATO 2026"}]},{"@type":"WebSite","@id":"https:\/\/www.coraltravel.pl\/blog\/#website","url":"https:\/\/www.coraltravel.pl\/blog\/","name":"Blog turystyczny - Coral Travel","description":"Blog turystyczny - Coral Travel","publisher":{"@id":"https:\/\/www.coraltravel.pl\/blog\/#organization"},"potentialAction":[{"@type":"SearchAction","target":{"@type":"EntryPoint","urlTemplate":"https:\/\/www.coraltravel.pl\/blog\/?s={search_term_string}"},"query-input":{"@type":"PropertyValueSpecification","valueRequired":true,"valueName":"search_term_string"}}],"inLanguage":"pl-PL"},{"@type":"Organization","@id":"https:\/\/www.coraltravel.pl\/blog\/#organization","name":"Coral Travel","url":"https:\/\/www.coraltravel.pl\/blog\/","logo":{"@type":"ImageObject","inLanguage":"pl-PL","@id":"https:\/\/www.coraltravel.pl\/blog\/#\/schema\/logo\/image\/","url":"https:\/\/www.coraltravel.pl\/blog\/wp-content\/uploads\/2025\/04\/cropped-2-Coral-Travel.png","contentUrl":"https:\/\/www.coraltravel.pl\/blog\/wp-content\/uploads\/2025\/04\/cropped-2-Coral-Travel.png","width":238,"height":239,"caption":"Coral Travel"},"image":{"@id":"https:\/\/www.coraltravel.pl\/blog\/#\/schema\/logo\/image\/"}},{"@type":"Person","@id":"https:\/\/www.coraltravel.pl\/blog\/#\/schema\/person\/67c6ec2ebe7ecc253f390c48579703a2","name":"Emilia","image":{"@type":"ImageObject","inLanguage":"pl-PL","@id":"https:\/\/www.coraltravel.pl\/blog\/#\/schema\/person\/image\/","url":"https:\/\/secure.gravatar.com\/avatar\/87ae91292ee1a1c2f7f5835d7a2f80a3cf6ea68b5e5ebe13dedf46beab198fe0?s=96&d=mm&r=g","contentUrl":"https:\/\/secure.gravatar.com\/avatar\/87ae91292ee1a1c2f7f5835d7a2f80a3cf6ea68b5e5ebe13dedf46beab198fe0?s=96&d=mm&r=g","caption":"Emilia"},"description":"Podr\u00f3\u017ce to moja najwi\u0119ksza pasja \u2013 te ma\u0142e i te du\u017ce, spontaniczne oraz d\u0142ugo planowane. Nie trzeba mnie d\u0142ugo namawia\u0107, by ruszy\u0107 w drog\u0119, cho\u0107 najcz\u0119\u015bciej to ja jestem t\u0105, kt\u00f3ra nak\u0142ania do wypraw innych. Z przyjemno\u015bci\u0105 \u0142\u0105cz\u0119 podr\u00f3\u017cowanie z mi\u0142o\u015bci\u0105 do muzyki \u2013 koncert w innym kraju to dla mnie definicja idealnego wyjazdu! Marz\u0119 o eksplorowaniu Azji i Ameryki \u015arodkowej, a tak\u017ce Po\u0142udniowej. P\u00f3ki co z ciekawo\u015bci\u0105 smakuj\u0119 \u015bwiata poprzez kuchni\u0119 i nowe smaki. Gdy akurat nie jestem w trasie, relaksuj\u0119 si\u0119 ogl\u0105daj\u0105c seriale lub programy reality show. I cho\u0107 nie by\u0142am jeszcze wsz\u0119dzie \u2013 wszystko przede mn\u0105! \ud83d\ude0a","url":"https:\/\/www.coraltravel.pl\/blog\/author\/emilia\/"}]}},"_links":{"self":[{"href":"https:\/\/www.coraltravel.pl\/blog\/wp-json\/wp\/v2\/posts\/6609","targetHints":{"allow":["GET"]}}],"collection":[{"href":"https:\/\/www.coraltravel.pl\/blog\/wp-json\/wp\/v2\/posts"}],"about":[{"href":"https:\/\/www.coraltravel.pl\/blog\/wp-json\/wp\/v2\/types\/post"}],"author":[{"embeddable":true,"href":"https:\/\/www.coraltravel.pl\/blog\/wp-json\/wp\/v2\/users\/3"}],"replies":[{"embeddable":true,"href":"https:\/\/www.coraltravel.pl\/blog\/wp-json\/wp\/v2\/comments?post=6609"}],"version-history":[{"count":5,"href":"https:\/\/www.coraltravel.pl\/blog\/wp-json\/wp\/v2\/posts\/6609\/revisions"}],"predecessor-version":[{"id":6644,"href":"https:\/\/www.coraltravel.pl\/blog\/wp-json\/wp\/v2\/posts\/6609\/revisions\/6644"}],"wp:featuredmedia":[{"embeddable":true,"href":"https:\/\/www.coraltravel.pl\/blog\/wp-json\/wp\/v2\/media\/6614"}],"wp:attachment":[{"href":"https:\/\/www.coraltravel.pl\/blog\/wp-json\/wp\/v2\/media?parent=6609"}],"wp:term":[{"taxonomy":"category","embeddable":true,"href":"https:\/\/www.coraltravel.pl\/blog\/wp-json\/wp\/v2\/categories?post=6609"},{"taxonomy":"post_tag","embeddable":true,"href":"https:\/\/www.coraltravel.pl\/blog\/wp-json\/wp\/v2\/tags?post=6609"}],"curies":[{"name":"wp","href":"https:\/\/api.w.org\/{rel}","templated":true}]}}