{"id":9347,"date":"2026-09-03T09:19:21","date_gmt":"2026-09-03T09:19:21","guid":{"rendered":"https:\/\/www.coraltravel.pl\/blog\/?p=9347"},"modified":"2026-09-03T09:19:24","modified_gmt":"2026-09-03T09:19:24","slug":"bagaz-dziecka-w-samolocie-co-mozna-zabrac-na-poklad","status":"publish","type":"post","link":"https:\/\/www.coraltravel.pl\/blog\/bagaz-dziecka-w-samolocie-co-mozna-zabrac-na-poklad\/","title":{"rendered":"Baga\u017c dziecka w samolocie \u2013 co mo\u017cna zabra\u0107 na pok\u0142ad?"},"content":{"rendered":"\n<p class=\"wp-block-paragraph\"><strong>Podr\u00f3\u017c samolotem z dzieckiem wymaga dobrego przygotowania, zw\u0142aszcza je\u015bli chodzi o rzeczy potrzebne podczas lotu. Przek\u0105ski, ubranie na zmian\u0119 czy ulubiona zabawka powinny znale\u017a\u0107 si\u0119 w zasi\u0119gu r\u0119ki. Zasady dotycz\u0105ce baga\u017cu najm\u0142odszych pasa\u017cer\u00f3w mog\u0105 jednak r\u00f3\u017cni\u0107 si\u0119 w zale\u017cno\u015bci od przewo\u017anika. Dlatego przed wyjazdem warto sprawdzi\u0107 limity oraz warunki obowi\u0105zuj\u0105ce podczas konkretnego lotu. Co spakowa\u0107, by najpotrzebniejsze rzeczy by\u0142y dost\u0119pne pod r\u0119k\u0105 przez ca\u0142\u0105 podr\u00f3\u017c?<\/strong><\/p>\n\n\n\n<figure class=\"wp-block-image size-large\"><img loading=\"lazy\" decoding=\"async\" width=\"1024\" height=\"726\" src=\"https:\/\/www.coraltravel.pl\/blog\/wp-content\/uploads\/2026\/08\/1-1024x726.jpg\" alt=\"Ma\u0142e dziecko z \u017c\u00f3\u0142tym plecakiem - baga\u017cem podr\u0119cznym do samolotu\" class=\"wp-image-9350\" srcset=\"https:\/\/www.coraltravel.pl\/blog\/wp-content\/uploads\/2026\/08\/1-1024x726.jpg 1024w, https:\/\/www.coraltravel.pl\/blog\/wp-content\/uploads\/2026\/08\/1-300x213.jpg 300w, https:\/\/www.coraltravel.pl\/blog\/wp-content\/uploads\/2026\/08\/1-768x545.jpg 768w, https:\/\/www.coraltravel.pl\/blog\/wp-content\/uploads\/2026\/08\/1-1536x1090.jpg 1536w, https:\/\/www.coraltravel.pl\/blog\/wp-content\/uploads\/2026\/08\/1-592x420.jpg 592w, https:\/\/www.coraltravel.pl\/blog\/wp-content\/uploads\/2026\/08\/1-150x106.jpg 150w, https:\/\/www.coraltravel.pl\/blog\/wp-content\/uploads\/2026\/08\/1-696x494.jpg 696w, https:\/\/www.coraltravel.pl\/blog\/wp-content\/uploads\/2026\/08\/1-1068x758.jpg 1068w, https:\/\/www.coraltravel.pl\/blog\/wp-content\/uploads\/2026\/08\/1-100x70.jpg 100w, https:\/\/www.coraltravel.pl\/blog\/wp-content\/uploads\/2026\/08\/1.jpg 1920w\" sizes=\"auto, (max-width: 1024px) 100vw, 1024px\" \/><\/figure>\n\n\n\n<div style=\"height:10px\" aria-hidden=\"true\" class=\"wp-block-spacer\"><\/div>\n\n\n\n<h2 id=\"h-bagaz-dziecka-w-samolocie-jakie-zasady-obowiazuja\" class=\"wp-block-heading\">Baga\u017c dziecka w samolocie \u2013 jakie zasady obowi\u0105zuj\u0105?<\/h2>\n\n\n\n<p class=\"wp-block-paragraph\">Zasady dotycz\u0105ce baga\u017cu dziecka mog\u0105 zale\u017ce\u0107 od przewo\u017anika obs\u0142uguj\u0105cego dany lot oraz wieku ma\u0142ego pasa\u017cera. Szczeg\u00f3lne warunki cz\u0119sto dotycz\u0105 niemowl\u0105t, kt\u00f3re podr\u00f3\u017cuj\u0105 bez w\u0142asnego miejsca w samolocie. Nie nale\u017cy wi\u0119c zak\u0142ada\u0107, \u017ce ka\u017cdemu dziecku przys\u0142uguje taki sam limit baga\u017cu jak osobie doros\u0142ej. Przed pakowaniem na <a href=\"https:\/\/www.coraltravel.pl\/polskie_animacje_oferta\">rodzinne wakacje<\/a> warto sprawdzi\u0107 informacje dotycz\u0105ce konkretnej rezerwacji oraz lotu. Pozwoli to odpowiednio rozdzieli\u0107 rzeczy pomi\u0119dzy baga\u017c rejestrowany i ten zabierany ze sob\u0105 na pok\u0142ad.<\/p>\n\n\n\n<figure class=\"wp-block-image size-large\"><img loading=\"lazy\" decoding=\"async\" width=\"1024\" height=\"726\" src=\"https:\/\/www.coraltravel.pl\/blog\/wp-content\/uploads\/2026\/08\/2-1024x726.jpg\" alt=\"D\u0142onie uk\u0142adaj\u0105ce jasne organizery podr\u00f3\u017cne w otwartej walizce podczas pakowania na lot z dzieckiem\" class=\"wp-image-9351\" srcset=\"https:\/\/www.coraltravel.pl\/blog\/wp-content\/uploads\/2026\/08\/2-1024x726.jpg 1024w, https:\/\/www.coraltravel.pl\/blog\/wp-content\/uploads\/2026\/08\/2-300x213.jpg 300w, https:\/\/www.coraltravel.pl\/blog\/wp-content\/uploads\/2026\/08\/2-768x545.jpg 768w, https:\/\/www.coraltravel.pl\/blog\/wp-content\/uploads\/2026\/08\/2-1536x1090.jpg 1536w, https:\/\/www.coraltravel.pl\/blog\/wp-content\/uploads\/2026\/08\/2-592x420.jpg 592w, https:\/\/www.coraltravel.pl\/blog\/wp-content\/uploads\/2026\/08\/2-150x106.jpg 150w, https:\/\/www.coraltravel.pl\/blog\/wp-content\/uploads\/2026\/08\/2-696x494.jpg 696w, https:\/\/www.coraltravel.pl\/blog\/wp-content\/uploads\/2026\/08\/2-1068x758.jpg 1068w, https:\/\/www.coraltravel.pl\/blog\/wp-content\/uploads\/2026\/08\/2-100x70.jpg 100w, https:\/\/www.coraltravel.pl\/blog\/wp-content\/uploads\/2026\/08\/2.jpg 1920w\" sizes=\"auto, (max-width: 1024px) 100vw, 1024px\" \/><\/figure>\n\n\n\n<div style=\"height:10px\" aria-hidden=\"true\" class=\"wp-block-spacer\"><\/div>\n\n\n\n<h2 id=\"h-co-zabrac-do-samolotu-dla-dziecka\" class=\"wp-block-heading\">Co zabra\u0107 do samolotu dla dziecka?<\/h2>\n\n\n\n<p class=\"wp-block-paragraph\">Pakuj\u0105c baga\u017c podr\u0119czny dziecka na <a href=\"https:\/\/www.coraltravel.pl\/polskie_animacje_oferta\">rodzinne wakacje<\/a>, najlepiej skupi\u0107 si\u0119 na rzeczach potrzebnych od przyjazdu na lotnisko a\u017c do dotarcia do hotelu. Warto uwzgl\u0119dni\u0107 r\u00f3wnie\u017c zapas na wypadek d\u0142u\u017cszego oczekiwania lub op\u00f3\u017anienia lotu. Dzi\u0119ki temu nie trzeba szuka\u0107 brakuj\u0105cych przedmiot\u00f3w w baga\u017cu rejestrowanym, kt\u00f3ry podczas podr\u00f3\u017cy b\u0119dzie znajdowa\u0142 si\u0119 w luku baga\u017cowym.<\/p>\n\n\n\n<p class=\"wp-block-paragraph\">Do torby podr\u0119cznej warto zatem spakowa\u0107:<\/p>\n\n\n\n<ul class=\"wp-block-list\">\n<li>pieluchy, chusteczki i podk\u0142ad do przewijania w przypadku m\u0142odszych dzieci,<\/li>\n\n\n\n<li>przek\u0105ski odpowiednie do wieku,<\/li>\n\n\n\n<li>rzeczy potrzebne podczas karmienia,<\/li>\n\n\n\n<li>smoczek, je\u015bli dziecko z niego korzysta,<\/li>\n\n\n\n<li>niewielk\u0105 zabawk\u0119, ksi\u0105\u017ceczk\u0119 lub kolorowank\u0119,<\/li>\n\n\n\n<li>leki potrzebne podczas podr\u00f3\u017cy,<\/li>\n\n\n\n<li>ubranie na zmian\u0119 i dodatkow\u0105 bluz\u0119,<\/li>\n\n\n\n<li>woreczek na zabrudzone ubrania.<\/li>\n<\/ul>\n\n\n\n<p class=\"wp-block-paragraph\">Liczb\u0119 rzeczy najlepiej dopasowa\u0107 do wieku dziecka oraz d\u0142ugo\u015bci ca\u0142ej podr\u00f3\u017cy. Nie warto jednak nadmiernie wype\u0142nia\u0107 torby, poniewa\u017c najwa\u017cniejsze przedmioty powinny by\u0107 \u0142atwo dost\u0119pne.<\/p>\n\n\n\n<figure class=\"wp-block-image size-large\"><img loading=\"lazy\" decoding=\"async\" width=\"1024\" height=\"726\" src=\"https:\/\/www.coraltravel.pl\/blog\/wp-content\/uploads\/2026\/08\/3-1024x726.jpg\" alt=\"Kobieta pakuj\u0105ca ubrania i rzeczy dla dziecka do du\u017cej jasnej walizki na dywanie w salonie\" class=\"wp-image-9352\" srcset=\"https:\/\/www.coraltravel.pl\/blog\/wp-content\/uploads\/2026\/08\/3-1024x726.jpg 1024w, https:\/\/www.coraltravel.pl\/blog\/wp-content\/uploads\/2026\/08\/3-300x213.jpg 300w, https:\/\/www.coraltravel.pl\/blog\/wp-content\/uploads\/2026\/08\/3-768x545.jpg 768w, https:\/\/www.coraltravel.pl\/blog\/wp-content\/uploads\/2026\/08\/3-1536x1090.jpg 1536w, https:\/\/www.coraltravel.pl\/blog\/wp-content\/uploads\/2026\/08\/3-592x420.jpg 592w, https:\/\/www.coraltravel.pl\/blog\/wp-content\/uploads\/2026\/08\/3-150x106.jpg 150w, https:\/\/www.coraltravel.pl\/blog\/wp-content\/uploads\/2026\/08\/3-696x494.jpg 696w, https:\/\/www.coraltravel.pl\/blog\/wp-content\/uploads\/2026\/08\/3-1068x758.jpg 1068w, https:\/\/www.coraltravel.pl\/blog\/wp-content\/uploads\/2026\/08\/3-100x70.jpg 100w, https:\/\/www.coraltravel.pl\/blog\/wp-content\/uploads\/2026\/08\/3.jpg 1920w\" sizes=\"auto, (max-width: 1024px) 100vw, 1024px\" \/><\/figure>\n\n\n\n<div style=\"height:10px\" aria-hidden=\"true\" class=\"wp-block-spacer\"><\/div>\n\n\n\n<h2 id=\"h-jedzenie-mleko-i-napoje-dla-dziecka-w-samolocie\" class=\"wp-block-heading\">Jedzenie, mleko i napoje dla dziecka w samolocie<\/h2>\n\n\n\n<p class=\"wp-block-paragraph\">Jedn\u0105 z najcz\u0119stszych w\u0105tpliwo\u015bci rodzic\u00f3w przed <a href=\"https:\/\/www.coraltravel.pl\/polskie_animacje_oferta\">wakacjami z dzie\u0107mi<\/a> jest przew\u00f3z jedzenia oraz napoj\u00f3w dla najm\u0142odszych. \u017bywno\u015b\u0107 i p\u0142yny potrzebne niemowl\u0119tom oraz ma\u0142ym dzieciom podczas podr\u00f3\u017cy mog\u0105 podlega\u0107 szczeg\u00f3lnym zasadom kontroli bezpiecze\u0144stwa. Dotyczy to mi\u0119dzy innymi mleka i pokarm\u00f3w przeznaczonych dla najm\u0142odszych. Podczas kontroli nale\u017cy poinformowa\u0107 pracownika ochrony o przewo\u017conych produktach, kt\u00f3re mog\u0105 zosta\u0107 dodatkowo sprawdzone. Aktualne zasady warto zweryfikowa\u0107 na stronie lotniska, z kt\u00f3rego rozpoczyna si\u0119 podr\u00f3\u017c. Starszemu dziecku dobrze przygotowa\u0107 niewielkie przek\u0105ski, kt\u00f3re \u0142atwo zje\u015b\u0107 podczas lotu. Najlepiej wybiera\u0107 produkty znane maluchowi, wygodne do podania i niewymagaj\u0105ce przygotowania. Warto natomiast ograniczy\u0107 jedzenie, kt\u00f3re \u0142atwo si\u0119 rozlewa, mocno kruszy lub szybko psuje.<\/p>\n\n\n\n<figure class=\"wp-block-image size-large\"><img loading=\"lazy\" decoding=\"async\" width=\"1024\" height=\"726\" src=\"https:\/\/www.coraltravel.pl\/blog\/wp-content\/uploads\/2026\/08\/4-1024x726.jpg\" alt=\"Otwarta walizka podr\u0119czna z organizerami, s\u0142uchawkami i akcesoriami spakowanymi na lot z dzieckiem\" class=\"wp-image-9353\" srcset=\"https:\/\/www.coraltravel.pl\/blog\/wp-content\/uploads\/2026\/08\/4-1024x726.jpg 1024w, https:\/\/www.coraltravel.pl\/blog\/wp-content\/uploads\/2026\/08\/4-300x213.jpg 300w, https:\/\/www.coraltravel.pl\/blog\/wp-content\/uploads\/2026\/08\/4-768x545.jpg 768w, https:\/\/www.coraltravel.pl\/blog\/wp-content\/uploads\/2026\/08\/4-1536x1090.jpg 1536w, https:\/\/www.coraltravel.pl\/blog\/wp-content\/uploads\/2026\/08\/4-592x420.jpg 592w, https:\/\/www.coraltravel.pl\/blog\/wp-content\/uploads\/2026\/08\/4-150x106.jpg 150w, https:\/\/www.coraltravel.pl\/blog\/wp-content\/uploads\/2026\/08\/4-696x494.jpg 696w, https:\/\/www.coraltravel.pl\/blog\/wp-content\/uploads\/2026\/08\/4-1068x758.jpg 1068w, https:\/\/www.coraltravel.pl\/blog\/wp-content\/uploads\/2026\/08\/4-100x70.jpg 100w, https:\/\/www.coraltravel.pl\/blog\/wp-content\/uploads\/2026\/08\/4.jpg 1920w\" sizes=\"auto, (max-width: 1024px) 100vw, 1024px\" \/><\/figure>\n\n\n\n<div style=\"height:10px\" aria-hidden=\"true\" class=\"wp-block-spacer\"><\/div>\n\n\n\n<h2 id=\"h-jak-zajac-dziecko-podczas-lotu\" class=\"wp-block-heading\">Jak zaj\u0105\u0107 dziecko podczas lotu?<\/h2>\n\n\n\n<p class=\"wp-block-paragraph\">Zastanawiaj\u0105c si\u0119, co zabra\u0107 do samolotu dla dziecka, warto pomy\u015ble\u0107 r\u00f3wnie\u017c o rozrywce. Niewielka ksi\u0105\u017ceczka, kolorowanka czy ulubiona zabawka mog\u0105 skutecznie zaj\u0105\u0107 malucha podczas podr\u00f3\u017cy. Najlepiej wybiera\u0107 rzeczy lekkie, ciche i pozbawione wielu drobnych element\u00f3w, kt\u00f3re \u0142atwo zgubi\u0107. Starszym dzieciom mo\u017cna przygotowa\u0107 s\u0142uchawki oraz pobra\u0107 bajki, audiobooki lub gry na tableta czy telefon. Dzi\u0119ki temu b\u0119d\u0105 dost\u0119pne r\u00f3wnie\u017c bez po\u0142\u0105czenia z internetem.<\/p>\n\n\n\n<figure class=\"wp-block-image size-large\"><img loading=\"lazy\" decoding=\"async\" width=\"1024\" height=\"726\" src=\"https:\/\/www.coraltravel.pl\/blog\/wp-content\/uploads\/2026\/08\/5-1024x726.jpg\" alt=\"Ma\u0142y ch\u0142opiec w bordowej bluzie uk\u0142adaj\u0105cy klocki na roz\u0142o\u017conym stoliku fotela przy oknie samolotu\" class=\"wp-image-9354\" srcset=\"https:\/\/www.coraltravel.pl\/blog\/wp-content\/uploads\/2026\/08\/5-1024x726.jpg 1024w, https:\/\/www.coraltravel.pl\/blog\/wp-content\/uploads\/2026\/08\/5-300x213.jpg 300w, https:\/\/www.coraltravel.pl\/blog\/wp-content\/uploads\/2026\/08\/5-768x545.jpg 768w, https:\/\/www.coraltravel.pl\/blog\/wp-content\/uploads\/2026\/08\/5-1536x1090.jpg 1536w, https:\/\/www.coraltravel.pl\/blog\/wp-content\/uploads\/2026\/08\/5-592x420.jpg 592w, https:\/\/www.coraltravel.pl\/blog\/wp-content\/uploads\/2026\/08\/5-150x106.jpg 150w, https:\/\/www.coraltravel.pl\/blog\/wp-content\/uploads\/2026\/08\/5-696x494.jpg 696w, https:\/\/www.coraltravel.pl\/blog\/wp-content\/uploads\/2026\/08\/5-1068x758.jpg 1068w, https:\/\/www.coraltravel.pl\/blog\/wp-content\/uploads\/2026\/08\/5-100x70.jpg 100w, https:\/\/www.coraltravel.pl\/blog\/wp-content\/uploads\/2026\/08\/5.jpg 1920w\" sizes=\"auto, (max-width: 1024px) 100vw, 1024px\" \/><\/figure>\n\n\n\n<div style=\"height:10px\" aria-hidden=\"true\" class=\"wp-block-spacer\"><\/div>\n\n\n\n<h2 id=\"h-czego-nie-pakowac-do-bagazu-podrecznego-dziecka\" class=\"wp-block-heading\">Czego nie pakowa\u0107 do baga\u017cu podr\u0119cznego dziecka?<\/h2>\n\n\n\n<p class=\"wp-block-paragraph\">Baga\u017c zabierany na pok\u0142ad podlega tym samym zasadom bezpiecze\u0144stwa, co pozosta\u0142y baga\u017c kabinowy. Dlatego przed wyjazdem warto sprawdzi\u0107 aktualne ograniczenia obowi\u0105zuj\u0105ce na lotnisku. Szczeg\u00f3ln\u0105 uwag\u0119 nale\u017cy zwr\u00f3ci\u0107 na przewo\u017cone p\u0142yny oraz przedmioty, kt\u00f3re mog\u0142yby zosta\u0107 zakwestionowane podczas kontroli bezpiecze\u0144stwa. Do torby czy plecaka nie warto te\u017c wk\u0142ada\u0107 du\u017cych opakowa\u0144 kosmetyk\u00f3w ani rzeczy potrzebnych dopiero w hotelu. W baga\u017cu podr\u0119cznym lepiej pozostawi\u0107 miejsce na to, co rzeczywi\u015bcie mo\u017ce przyda\u0107 si\u0119 podczas podr\u00f3\u017cy na <a href=\"https:\/\/www.coraltravel.pl\/polskie_animacje_oferta\">rodzinne wakacje<\/a>.<\/p>\n\n\n\n<figure class=\"wp-block-image size-large\"><img loading=\"lazy\" decoding=\"async\" width=\"1920\" height=\"1362\" src=\"https:\/\/www.coraltravel.pl\/blog\/wp-content\/uploads\/2026\/08\/6-1024x726.jpg\" alt=\"Mama z c\u00f3rk\u0105 w s\u0142omkowym kapeluszu wsp\u00f3lnie pakuj\u0105ce ubrania do walizki podr\u00f3\u017cnej na pod\u0142odze w pokoju\" class=\"wp-image-9355\" srcset=\"https:\/\/www.coraltravel.pl\/blog\/wp-content\/uploads\/2026\/08\/6-1024x726.jpg 1024w, https:\/\/www.coraltravel.pl\/blog\/wp-content\/uploads\/2026\/08\/6-300x213.jpg 300w, https:\/\/www.coraltravel.pl\/blog\/wp-content\/uploads\/2026\/08\/6-768x545.jpg 768w, https:\/\/www.coraltravel.pl\/blog\/wp-content\/uploads\/2026\/08\/6-1536x1090.jpg 1536w, https:\/\/www.coraltravel.pl\/blog\/wp-content\/uploads\/2026\/08\/6-592x420.jpg 592w, https:\/\/www.coraltravel.pl\/blog\/wp-content\/uploads\/2026\/08\/6-150x106.jpg 150w, https:\/\/www.coraltravel.pl\/blog\/wp-content\/uploads\/2026\/08\/6-696x494.jpg 696w, https:\/\/www.coraltravel.pl\/blog\/wp-content\/uploads\/2026\/08\/6-1068x758.jpg 1068w, https:\/\/www.coraltravel.pl\/blog\/wp-content\/uploads\/2026\/08\/6-100x70.jpg 100w, https:\/\/www.coraltravel.pl\/blog\/wp-content\/uploads\/2026\/08\/6.jpg 1920w\" sizes=\"auto, (max-width: 1920px) 100vw, 1920px\" \/><\/figure>\n\n\n\n<div style=\"height:10px\" aria-hidden=\"true\" class=\"wp-block-spacer\"><\/div>\n\n\n\n<h2 id=\"h-bagaz-dziecka-najwazniejsze-informacje-przed-podroza\" class=\"wp-block-heading\">Baga\u017c dziecka \u2013 najwa\u017cniejsze informacje przed podr\u00f3\u017c\u0105<\/h2>\n\n\n\n<p class=\"wp-block-paragraph\">Dobrze przygotowany baga\u017c podr\u0119czny dziecka powinien przede wszystkim odpowiada\u0107 jego potrzebom podczas podr\u00f3\u017cy. Warto mie\u0107 pod r\u0119k\u0105 jedzenie, ubranie na zmian\u0119, podstawowe akcesoria oraz kilka rzeczy zapewniaj\u0105cych rozrywk\u0119. Pakuj\u0105c torb\u0119, nale\u017cy uwzgl\u0119dni\u0107 nie tylko d\u0142ugo\u015b\u0107 lotu, lecz tak\u017ce czas sp\u0119dzony na lotnisku i transfer do hotelu. Limity i szczeg\u00f3\u0142owe zasady dotycz\u0105ce baga\u017cu dziecka mog\u0105 r\u00f3\u017cni\u0107 si\u0119 w zale\u017cno\u015bci od przewo\u017anika obs\u0142uguj\u0105cego dany lot. Dlatego przed wakacjami warto sprawdzi\u0107 informacje dotycz\u0105ce konkretnej rezerwacji. Dzi\u0119ki temu mo\u017cna odpowiednio przygotowa\u0107 baga\u017c i unikn\u0105\u0107 niepotrzebnych niespodzianek podczas odprawy.<\/p>\n","protected":false},"excerpt":{"rendered":"<p>Podr\u00f3\u017c samolotem z dzieckiem wymaga dobrego przygotowania, zw\u0142aszcza je\u015bli chodzi o rzeczy potrzebne podczas lotu. Przek\u0105ski, ubranie na zmian\u0119 czy ulubiona zabawka powinny znale\u017a\u0107 si\u0119 w zasi\u0119gu r\u0119ki. Zasady dotycz\u0105ce baga\u017cu najm\u0142odszych pasa\u017cer\u00f3w mog\u0105 jednak r\u00f3\u017cni\u0107 si\u0119 w zale\u017cno\u015bci od przewo\u017anika. Dlatego przed wyjazdem warto sprawdzi\u0107 limity oraz warunki obowi\u0105zuj\u0105ce podczas konkretnego lotu. Co spakowa\u0107, by najpotrzebniejsze rzeczy by\u0142y dost\u0119pne pod r\u0119k\u0105 przez ca\u0142\u0105 podr\u00f3\u017c?<\/p>\n","protected":false},"author":3,"featured_media":9350,"comment_status":"closed","ping_status":"closed","sticky":false,"template":"","format":"standard","meta":{"footnotes":"","_wpscppro_dont_share_socialmedia":false,"_wpscppro_custom_social_share_image":0,"_facebook_share_type":"default","_twitter_share_type":"default","_linkedin_share_type":"default","_pinterest_share_type":"default","_linkedin_share_type_page":"","_instagram_share_type":"default","_medium_share_type":"default","_threads_share_type":"default","_google_business_share_type":"default","_bluesky_share_type":"default","_mastodon_share_type":"default","_selected_social_profile":[],"_wpsp_enable_custom_social_template":false,"_wpsp_social_scheduling":{"enabled":false,"datetime":null,"platforms":[],"status":"template_only","dateOption":"today","timeOption":"now","customDays":"","customHours":"","customDate":"","customTime":"","schedulingType":"absolute"},"_wpsp_active_default_template":true},"categories":[52,32],"tags":[876,236,863,396,878,877,121,120],"class_list":["post-9347","post","type-post","status-publish","format-standard","has-post-thumbnail","category-podroz-z-dziecmi","category-porady-podroznika","tag-bagaz","tag-co-spakowac-na-wakacje","tag-coral-family-club","tag-ctp","tag-pakowanie-bagazu","tag-pakowanie-na-wakacje","tag-rodzinne-wakacje","tag-wakacje-z-dziecmi"],"yoast_head":"<!-- This site is optimized with the Yoast SEO Premium plugin v28.4 (Yoast SEO v28.4) - https:\/\/yoast.com\/product\/yoast-seo-premium-wordpress\/ -->\n<title>Baga\u017c dziecka w samolocie \u2013 co mo\u017cna zabra\u0107 na pok\u0142ad? - Coral Travel<\/title>\n<meta name=\"description\" content=\"Planujesz lot z maluchem? Dowiedz si\u0119, co spakowa\u0107 do baga\u017cu podr\u0119cznego w samolocie i poznaj patenty na nud\u0119 w podr\u00f3\u017cy!\" \/>\n<meta name=\"robots\" content=\"index, follow, max-snippet:-1, max-image-preview:large, max-video-preview:-1\" \/>\n<link rel=\"canonical\" href=\"https:\/\/www.coraltravel.pl\/blog\/bagaz-dziecka-w-samolocie-co-mozna-zabrac-na-poklad\/\" \/>\n<meta property=\"og:locale\" content=\"pl_PL\" \/>\n<meta property=\"og:type\" content=\"article\" \/>\n<meta property=\"og:title\" content=\"Baga\u017c dziecka w samolocie \u2013 co mo\u017cna zabra\u0107 na pok\u0142ad?\" \/>\n<meta property=\"og:description\" content=\"Planujesz lot z maluchem? Dowiedz si\u0119, co spakowa\u0107 do baga\u017cu podr\u0119cznego w samolocie i poznaj patenty na nud\u0119 w podr\u00f3\u017cy!\" \/>\n<meta property=\"og:url\" content=\"https:\/\/www.coraltravel.pl\/blog\/bagaz-dziecka-w-samolocie-co-mozna-zabrac-na-poklad\/\" \/>\n<meta property=\"og:site_name\" content=\"Coral Travel\" \/>\n<meta property=\"article:published_time\" content=\"2026-09-03T09:19:21+00:00\" \/>\n<meta property=\"article:modified_time\" content=\"2026-09-03T09:19:24+00:00\" \/>\n<meta property=\"og:image\" content=\"https:\/\/www.coraltravel.pl\/blog\/wp-content\/uploads\/2026\/08\/1.jpg\" \/>\n\t<meta property=\"og:image:width\" content=\"1920\" \/>\n\t<meta property=\"og:image:height\" content=\"1362\" \/>\n\t<meta property=\"og:image:type\" content=\"image\/jpeg\" \/>\n<meta name=\"author\" content=\"Emilia\" \/>\n<script type=\"application\/ld+json\" class=\"yoast-schema-graph\">{\"@context\":\"https:\\\/\\\/schema.org\",\"@graph\":[{\"@type\":\"Article\",\"@id\":\"https:\\\/\\\/www.coraltravel.pl\\\/blog\\\/bagaz-dziecka-w-samolocie-co-mozna-zabrac-na-poklad\\\/#article\",\"isPartOf\":{\"@id\":\"https:\\\/\\\/www.coraltravel.pl\\\/blog\\\/bagaz-dziecka-w-samolocie-co-mozna-zabrac-na-poklad\\\/\"},\"author\":{\"name\":\"Emilia\",\"@id\":\"https:\\\/\\\/www.coraltravel.pl\\\/blog\\\/#\\\/schema\\\/person\\\/fa1e0c67ce0755f49a0396155212b90a\"},\"headline\":\"Baga\u017c dziecka w samolocie \u2013 co mo\u017cna zabra\u0107 na pok\u0142ad?\",\"datePublished\":\"2026-09-03T09:19:21+00:00\",\"dateModified\":\"2026-09-03T09:19:24+00:00\",\"mainEntityOfPage\":{\"@id\":\"https:\\\/\\\/www.coraltravel.pl\\\/blog\\\/bagaz-dziecka-w-samolocie-co-mozna-zabrac-na-poklad\\\/\"},\"wordCount\":791,\"publisher\":{\"@id\":\"https:\\\/\\\/www.coraltravel.pl\\\/blog\\\/#organization\"},\"image\":{\"@id\":\"https:\\\/\\\/www.coraltravel.pl\\\/blog\\\/bagaz-dziecka-w-samolocie-co-mozna-zabrac-na-poklad\\\/#primaryimage\"},\"thumbnailUrl\":\"https:\\\/\\\/www.coraltravel.pl\\\/blog\\\/wp-content\\\/uploads\\\/2026\\\/08\\\/1.jpg\",\"keywords\":[\"baga\u017c\",\"co spakowa\u0107 na wakacje\",\"coral family club\",\"CTP\",\"pakowanie baga\u017cu\",\"pakowanie na wakacje\",\"rodzinne wakacje\",\"wakacje z dzie\u0107mi\"],\"articleSection\":[\"Podr\u00f3\u017c z dzie\u0107mi\",\"Porady podr\u00f3\u017cnika\"],\"inLanguage\":\"pl-PL\"},{\"@type\":\"WebPage\",\"@id\":\"https:\\\/\\\/www.coraltravel.pl\\\/blog\\\/bagaz-dziecka-w-samolocie-co-mozna-zabrac-na-poklad\\\/\",\"url\":\"https:\\\/\\\/www.coraltravel.pl\\\/blog\\\/bagaz-dziecka-w-samolocie-co-mozna-zabrac-na-poklad\\\/\",\"name\":\"Baga\u017c dziecka w samolocie \u2013 co mo\u017cna zabra\u0107 na pok\u0142ad? - Coral Travel\",\"isPartOf\":{\"@id\":\"https:\\\/\\\/www.coraltravel.pl\\\/blog\\\/#website\"},\"primaryImageOfPage\":{\"@id\":\"https:\\\/\\\/www.coraltravel.pl\\\/blog\\\/bagaz-dziecka-w-samolocie-co-mozna-zabrac-na-poklad\\\/#primaryimage\"},\"image\":{\"@id\":\"https:\\\/\\\/www.coraltravel.pl\\\/blog\\\/bagaz-dziecka-w-samolocie-co-mozna-zabrac-na-poklad\\\/#primaryimage\"},\"thumbnailUrl\":\"https:\\\/\\\/www.coraltravel.pl\\\/blog\\\/wp-content\\\/uploads\\\/2026\\\/08\\\/1.jpg\",\"datePublished\":\"2026-09-03T09:19:21+00:00\",\"dateModified\":\"2026-09-03T09:19:24+00:00\",\"description\":\"Planujesz lot z maluchem? Dowiedz si\u0119, co spakowa\u0107 do baga\u017cu podr\u0119cznego w samolocie i poznaj patenty na nud\u0119 w podr\u00f3\u017cy!\",\"breadcrumb\":{\"@id\":\"https:\\\/\\\/www.coraltravel.pl\\\/blog\\\/bagaz-dziecka-w-samolocie-co-mozna-zabrac-na-poklad\\\/#breadcrumb\"},\"inLanguage\":\"pl-PL\",\"potentialAction\":[{\"@type\":\"ReadAction\",\"target\":[\"https:\\\/\\\/www.coraltravel.pl\\\/blog\\\/bagaz-dziecka-w-samolocie-co-mozna-zabrac-na-poklad\\\/\"]}]},{\"@type\":\"ImageObject\",\"inLanguage\":\"pl-PL\",\"@id\":\"https:\\\/\\\/www.coraltravel.pl\\\/blog\\\/bagaz-dziecka-w-samolocie-co-mozna-zabrac-na-poklad\\\/#primaryimage\",\"url\":\"https:\\\/\\\/www.coraltravel.pl\\\/blog\\\/wp-content\\\/uploads\\\/2026\\\/08\\\/1.jpg\",\"contentUrl\":\"https:\\\/\\\/www.coraltravel.pl\\\/blog\\\/wp-content\\\/uploads\\\/2026\\\/08\\\/1.jpg\",\"width\":1920,\"height\":1362,\"caption\":\"Ma\u0142e dziecko z \u017c\u00f3\u0142tym plecakiem - baga\u017cem podr\u0119cznym do samolotu\"},{\"@type\":\"BreadcrumbList\",\"@id\":\"https:\\\/\\\/www.coraltravel.pl\\\/blog\\\/bagaz-dziecka-w-samolocie-co-mozna-zabrac-na-poklad\\\/#breadcrumb\",\"itemListElement\":[{\"@type\":\"ListItem\",\"position\":1,\"name\":\"Strona g\u0142\u00f3wna\",\"item\":\"https:\\\/\\\/www.coraltravel.pl\\\/blog\\\/\"},{\"@type\":\"ListItem\",\"position\":2,\"name\":\"Baga\u017c dziecka w samolocie \u2013 co mo\u017cna zabra\u0107 na pok\u0142ad?\"}]},{\"@type\":\"WebSite\",\"@id\":\"https:\\\/\\\/www.coraltravel.pl\\\/blog\\\/#website\",\"url\":\"https:\\\/\\\/www.coraltravel.pl\\\/blog\\\/\",\"name\":\"Blog turystyczny - Coral Travel\",\"description\":\"Blog turystyczny - Coral Travel\",\"publisher\":{\"@id\":\"https:\\\/\\\/www.coraltravel.pl\\\/blog\\\/#organization\"},\"potentialAction\":[{\"@type\":\"SearchAction\",\"target\":{\"@type\":\"EntryPoint\",\"urlTemplate\":\"https:\\\/\\\/www.coraltravel.pl\\\/blog\\\/?s={search_term_string}\"},\"query-input\":{\"@type\":\"PropertyValueSpecification\",\"valueRequired\":true,\"valueName\":\"search_term_string\"}}],\"inLanguage\":\"pl-PL\"},{\"@type\":\"Organization\",\"@id\":\"https:\\\/\\\/www.coraltravel.pl\\\/blog\\\/#organization\",\"name\":\"Coral Travel\",\"url\":\"https:\\\/\\\/www.coraltravel.pl\\\/blog\\\/\",\"logo\":{\"@type\":\"ImageObject\",\"inLanguage\":\"pl-PL\",\"@id\":\"https:\\\/\\\/www.coraltravel.pl\\\/blog\\\/#\\\/schema\\\/logo\\\/image\\\/\",\"url\":\"https:\\\/\\\/www.coraltravel.pl\\\/blog\\\/wp-content\\\/uploads\\\/2025\\\/04\\\/cropped-2-Coral-Travel.png\",\"contentUrl\":\"https:\\\/\\\/www.coraltravel.pl\\\/blog\\\/wp-content\\\/uploads\\\/2025\\\/04\\\/cropped-2-Coral-Travel.png\",\"width\":238,\"height\":239,\"caption\":\"Coral Travel\"},\"image\":{\"@id\":\"https:\\\/\\\/www.coraltravel.pl\\\/blog\\\/#\\\/schema\\\/logo\\\/image\\\/\"}},{\"@type\":\"Person\",\"@id\":\"https:\\\/\\\/www.coraltravel.pl\\\/blog\\\/#\\\/schema\\\/person\\\/fa1e0c67ce0755f49a0396155212b90a\",\"name\":\"Emilia\",\"image\":{\"@type\":\"ImageObject\",\"inLanguage\":\"pl-PL\",\"@id\":\"https:\\\/\\\/secure.gravatar.com\\\/avatar\\\/87ae91292ee1a1c2f7f5835d7a2f80a3cf6ea68b5e5ebe13dedf46beab198fe0?s=96&d=mm&r=g\",\"url\":\"https:\\\/\\\/secure.gravatar.com\\\/avatar\\\/87ae91292ee1a1c2f7f5835d7a2f80a3cf6ea68b5e5ebe13dedf46beab198fe0?s=96&d=mm&r=g\",\"contentUrl\":\"https:\\\/\\\/secure.gravatar.com\\\/avatar\\\/87ae91292ee1a1c2f7f5835d7a2f80a3cf6ea68b5e5ebe13dedf46beab198fe0?s=96&d=mm&r=g\",\"caption\":\"Emilia\"},\"description\":\"Podr\u00f3\u017ce to moja najwi\u0119ksza pasja \u2013 te ma\u0142e i te du\u017ce, spontaniczne oraz d\u0142ugo planowane. Nie trzeba mnie d\u0142ugo namawia\u0107, by ruszy\u0107 w drog\u0119, cho\u0107 najcz\u0119\u015bciej to ja jestem t\u0105, kt\u00f3ra nak\u0142ania do wypraw innych. Z przyjemno\u015bci\u0105 \u0142\u0105cz\u0119 podr\u00f3\u017cowanie z mi\u0142o\u015bci\u0105 do muzyki \u2013 koncert w innym kraju to dla mnie definicja idealnego wyjazdu! Marz\u0119 o eksplorowaniu Azji i Ameryki \u015arodkowej, a tak\u017ce Po\u0142udniowej. P\u00f3ki co z ciekawo\u015bci\u0105 smakuj\u0119 \u015bwiata poprzez kuchni\u0119 i nowe smaki. Gdy akurat nie jestem w trasie, relaksuj\u0119 si\u0119 ogl\u0105daj\u0105c seriale lub programy reality show. I cho\u0107 nie by\u0142am jeszcze wsz\u0119dzie \u2013 wszystko przede mn\u0105! \ud83d\ude0a\",\"url\":\"https:\\\/\\\/www.coraltravel.pl\\\/blog\\\/author\\\/emilia\\\/\"}]}<\/script>\n<!-- \/ Yoast SEO Premium plugin. -->","yoast_head_json":{"title":"Baga\u017c dziecka w samolocie \u2013 co mo\u017cna zabra\u0107 na pok\u0142ad? - Coral Travel","description":"Planujesz lot z maluchem? Dowiedz si\u0119, co spakowa\u0107 do baga\u017cu podr\u0119cznego w samolocie i poznaj patenty na nud\u0119 w podr\u00f3\u017cy!","robots":{"index":"index","follow":"follow","max-snippet":"max-snippet:-1","max-image-preview":"max-image-preview:large","max-video-preview":"max-video-preview:-1"},"canonical":"https:\/\/www.coraltravel.pl\/blog\/bagaz-dziecka-w-samolocie-co-mozna-zabrac-na-poklad\/","og_locale":"pl_PL","og_type":"article","og_title":"Baga\u017c dziecka w samolocie \u2013 co mo\u017cna zabra\u0107 na pok\u0142ad?","og_description":"Planujesz lot z maluchem? Dowiedz si\u0119, co spakowa\u0107 do baga\u017cu podr\u0119cznego w samolocie i poznaj patenty na nud\u0119 w podr\u00f3\u017cy!","og_url":"https:\/\/www.coraltravel.pl\/blog\/bagaz-dziecka-w-samolocie-co-mozna-zabrac-na-poklad\/","og_site_name":"Coral Travel","article_published_time":"2026-09-03T09:19:21+00:00","article_modified_time":"2026-09-03T09:19:24+00:00","og_image":[{"width":1920,"height":1362,"url":"https:\/\/www.coraltravel.pl\/blog\/wp-content\/uploads\/2026\/08\/1.jpg","type":"image\/jpeg"}],"author":"Emilia","schema":{"@context":"https:\/\/schema.org","@graph":[{"@type":"Article","@id":"https:\/\/www.coraltravel.pl\/blog\/bagaz-dziecka-w-samolocie-co-mozna-zabrac-na-poklad\/#article","isPartOf":{"@id":"https:\/\/www.coraltravel.pl\/blog\/bagaz-dziecka-w-samolocie-co-mozna-zabrac-na-poklad\/"},"author":{"name":"Emilia","@id":"https:\/\/www.coraltravel.pl\/blog\/#\/schema\/person\/fa1e0c67ce0755f49a0396155212b90a"},"headline":"Baga\u017c dziecka w samolocie \u2013 co mo\u017cna zabra\u0107 na pok\u0142ad?","datePublished":"2026-09-03T09:19:21+00:00","dateModified":"2026-09-03T09:19:24+00:00","mainEntityOfPage":{"@id":"https:\/\/www.coraltravel.pl\/blog\/bagaz-dziecka-w-samolocie-co-mozna-zabrac-na-poklad\/"},"wordCount":791,"publisher":{"@id":"https:\/\/www.coraltravel.pl\/blog\/#organization"},"image":{"@id":"https:\/\/www.coraltravel.pl\/blog\/bagaz-dziecka-w-samolocie-co-mozna-zabrac-na-poklad\/#primaryimage"},"thumbnailUrl":"https:\/\/www.coraltravel.pl\/blog\/wp-content\/uploads\/2026\/08\/1.jpg","keywords":["baga\u017c","co spakowa\u0107 na wakacje","coral family club","CTP","pakowanie baga\u017cu","pakowanie na wakacje","rodzinne wakacje","wakacje z dzie\u0107mi"],"articleSection":["Podr\u00f3\u017c z dzie\u0107mi","Porady podr\u00f3\u017cnika"],"inLanguage":"pl-PL"},{"@type":"WebPage","@id":"https:\/\/www.coraltravel.pl\/blog\/bagaz-dziecka-w-samolocie-co-mozna-zabrac-na-poklad\/","url":"https:\/\/www.coraltravel.pl\/blog\/bagaz-dziecka-w-samolocie-co-mozna-zabrac-na-poklad\/","name":"Baga\u017c dziecka w samolocie \u2013 co mo\u017cna zabra\u0107 na pok\u0142ad? - Coral Travel","isPartOf":{"@id":"https:\/\/www.coraltravel.pl\/blog\/#website"},"primaryImageOfPage":{"@id":"https:\/\/www.coraltravel.pl\/blog\/bagaz-dziecka-w-samolocie-co-mozna-zabrac-na-poklad\/#primaryimage"},"image":{"@id":"https:\/\/www.coraltravel.pl\/blog\/bagaz-dziecka-w-samolocie-co-mozna-zabrac-na-poklad\/#primaryimage"},"thumbnailUrl":"https:\/\/www.coraltravel.pl\/blog\/wp-content\/uploads\/2026\/08\/1.jpg","datePublished":"2026-09-03T09:19:21+00:00","dateModified":"2026-09-03T09:19:24+00:00","description":"Planujesz lot z maluchem? Dowiedz si\u0119, co spakowa\u0107 do baga\u017cu podr\u0119cznego w samolocie i poznaj patenty na nud\u0119 w podr\u00f3\u017cy!","breadcrumb":{"@id":"https:\/\/www.coraltravel.pl\/blog\/bagaz-dziecka-w-samolocie-co-mozna-zabrac-na-poklad\/#breadcrumb"},"inLanguage":"pl-PL","potentialAction":[{"@type":"ReadAction","target":["https:\/\/www.coraltravel.pl\/blog\/bagaz-dziecka-w-samolocie-co-mozna-zabrac-na-poklad\/"]}]},{"@type":"ImageObject","inLanguage":"pl-PL","@id":"https:\/\/www.coraltravel.pl\/blog\/bagaz-dziecka-w-samolocie-co-mozna-zabrac-na-poklad\/#primaryimage","url":"https:\/\/www.coraltravel.pl\/blog\/wp-content\/uploads\/2026\/08\/1.jpg","contentUrl":"https:\/\/www.coraltravel.pl\/blog\/wp-content\/uploads\/2026\/08\/1.jpg","width":1920,"height":1362,"caption":"Ma\u0142e dziecko z \u017c\u00f3\u0142tym plecakiem - baga\u017cem podr\u0119cznym do samolotu"},{"@type":"BreadcrumbList","@id":"https:\/\/www.coraltravel.pl\/blog\/bagaz-dziecka-w-samolocie-co-mozna-zabrac-na-poklad\/#breadcrumb","itemListElement":[{"@type":"ListItem","position":1,"name":"Strona g\u0142\u00f3wna","item":"https:\/\/www.coraltravel.pl\/blog\/"},{"@type":"ListItem","position":2,"name":"Baga\u017c dziecka w samolocie \u2013 co mo\u017cna zabra\u0107 na pok\u0142ad?"}]},{"@type":"WebSite","@id":"https:\/\/www.coraltravel.pl\/blog\/#website","url":"https:\/\/www.coraltravel.pl\/blog\/","name":"Blog turystyczny - Coral Travel","description":"Blog turystyczny - Coral Travel","publisher":{"@id":"https:\/\/www.coraltravel.pl\/blog\/#organization"},"potentialAction":[{"@type":"SearchAction","target":{"@type":"EntryPoint","urlTemplate":"https:\/\/www.coraltravel.pl\/blog\/?s={search_term_string}"},"query-input":{"@type":"PropertyValueSpecification","valueRequired":true,"valueName":"search_term_string"}}],"inLanguage":"pl-PL"},{"@type":"Organization","@id":"https:\/\/www.coraltravel.pl\/blog\/#organization","name":"Coral Travel","url":"https:\/\/www.coraltravel.pl\/blog\/","logo":{"@type":"ImageObject","inLanguage":"pl-PL","@id":"https:\/\/www.coraltravel.pl\/blog\/#\/schema\/logo\/image\/","url":"https:\/\/www.coraltravel.pl\/blog\/wp-content\/uploads\/2025\/04\/cropped-2-Coral-Travel.png","contentUrl":"https:\/\/www.coraltravel.pl\/blog\/wp-content\/uploads\/2025\/04\/cropped-2-Coral-Travel.png","width":238,"height":239,"caption":"Coral Travel"},"image":{"@id":"https:\/\/www.coraltravel.pl\/blog\/#\/schema\/logo\/image\/"}},{"@type":"Person","@id":"https:\/\/www.coraltravel.pl\/blog\/#\/schema\/person\/fa1e0c67ce0755f49a0396155212b90a","name":"Emilia","image":{"@type":"ImageObject","inLanguage":"pl-PL","@id":"https:\/\/secure.gravatar.com\/avatar\/87ae91292ee1a1c2f7f5835d7a2f80a3cf6ea68b5e5ebe13dedf46beab198fe0?s=96&d=mm&r=g","url":"https:\/\/secure.gravatar.com\/avatar\/87ae91292ee1a1c2f7f5835d7a2f80a3cf6ea68b5e5ebe13dedf46beab198fe0?s=96&d=mm&r=g","contentUrl":"https:\/\/secure.gravatar.com\/avatar\/87ae91292ee1a1c2f7f5835d7a2f80a3cf6ea68b5e5ebe13dedf46beab198fe0?s=96&d=mm&r=g","caption":"Emilia"},"description":"Podr\u00f3\u017ce to moja najwi\u0119ksza pasja \u2013 te ma\u0142e i te du\u017ce, spontaniczne oraz d\u0142ugo planowane. Nie trzeba mnie d\u0142ugo namawia\u0107, by ruszy\u0107 w drog\u0119, cho\u0107 najcz\u0119\u015bciej to ja jestem t\u0105, kt\u00f3ra nak\u0142ania do wypraw innych. Z przyjemno\u015bci\u0105 \u0142\u0105cz\u0119 podr\u00f3\u017cowanie z mi\u0142o\u015bci\u0105 do muzyki \u2013 koncert w innym kraju to dla mnie definicja idealnego wyjazdu! Marz\u0119 o eksplorowaniu Azji i Ameryki \u015arodkowej, a tak\u017ce Po\u0142udniowej. P\u00f3ki co z ciekawo\u015bci\u0105 smakuj\u0119 \u015bwiata poprzez kuchni\u0119 i nowe smaki. Gdy akurat nie jestem w trasie, relaksuj\u0119 si\u0119 ogl\u0105daj\u0105c seriale lub programy reality show. I cho\u0107 nie by\u0142am jeszcze wsz\u0119dzie \u2013 wszystko przede mn\u0105! \ud83d\ude0a","url":"https:\/\/www.coraltravel.pl\/blog\/author\/emilia\/"}]}},"_links":{"self":[{"href":"https:\/\/www.coraltravel.pl\/blog\/wp-json\/wp\/v2\/posts\/9347","targetHints":{"allow":["GET"]}}],"collection":[{"href":"https:\/\/www.coraltravel.pl\/blog\/wp-json\/wp\/v2\/posts"}],"about":[{"href":"https:\/\/www.coraltravel.pl\/blog\/wp-json\/wp\/v2\/types\/post"}],"author":[{"embeddable":true,"href":"https:\/\/www.coraltravel.pl\/blog\/wp-json\/wp\/v2\/users\/3"}],"replies":[{"embeddable":true,"href":"https:\/\/www.coraltravel.pl\/blog\/wp-json\/wp\/v2\/comments?post=9347"}],"version-history":[{"count":3,"href":"https:\/\/www.coraltravel.pl\/blog\/wp-json\/wp\/v2\/posts\/9347\/revisions"}],"predecessor-version":[{"id":9357,"href":"https:\/\/www.coraltravel.pl\/blog\/wp-json\/wp\/v2\/posts\/9347\/revisions\/9357"}],"wp:featuredmedia":[{"embeddable":true,"href":"https:\/\/www.coraltravel.pl\/blog\/wp-json\/wp\/v2\/media\/9350"}],"wp:attachment":[{"href":"https:\/\/www.coraltravel.pl\/blog\/wp-json\/wp\/v2\/media?parent=9347"}],"wp:term":[{"taxonomy":"category","embeddable":true,"href":"https:\/\/www.coraltravel.pl\/blog\/wp-json\/wp\/v2\/categories?post=9347"},{"taxonomy":"post_tag","embeddable":true,"href":"https:\/\/www.coraltravel.pl\/blog\/wp-json\/wp\/v2\/tags?post=9347"}],"curies":[{"name":"wp","href":"https:\/\/api.w.org\/{rel}","templated":true}]}}